{"id":3856,"date":"2004-10-05T00:00:00","date_gmt":"2004-10-04T22:00:00","guid":{"rendered":"https:\/\/webdali.latempesta.eu\/noticia\/el-documental-cinema-dali-es-finalista-als-premis-emmy\/"},"modified":"2004-10-05T00:00:00","modified_gmt":"2004-10-04T22:00:00","slug":"el-documental-cinema-dali-es-finalista-als-premis-emmy","status":"publish","type":"noticia","link":"https:\/\/webdali.latempesta.eu\/ca\/fundacio-dali\/noticia\/el-documental-cinema-dali-es-finalista-als-premis-emmy\/","title":{"rendered":"El documental \u2018Cinema Dal\u00ed\u2019 \u00e9s finalista als premis Emmy"},"content":{"rendered":"<p>L\u2019acad\u00e8mia que atorga aquest premi, equivalent a l\u2019\u00f2scar en televisi\u00f3, \u00e9s la International Academy of Television Arts &amp; Sciences, una organitzaci\u00f3 independent que engloba les millors televisions i els mitjans capdavanters en el m\u00f3n de la comunicaci\u00f3. Els altres finalistes que opten al premi en la categoria de Programes d\u2019Art d\u2019aquesta 32ena edici\u00f3 s\u00f3n: \u2018Amelia\u2019 (Canad\u00e0), \u2018Korda, fot\u00f3grafo en Revoluci\u00f3n\u2019 (M\u00e8xic) i \u2018George Orwell: a life in pictures\u2019 (Regne Unit). A m\u00e9s dels Programes d\u2019Art, hi ha sis categories m\u00e9s: Drama, Pel\u00b7l\u00edcules i s\u00e8ries televisives, Documentals, Entreteniment sense gui\u00f3, Com\u00e8dia i Programes per a Joves i Infants.<\/p>\n<p>\u00a0<br \/>\nAquesta edici\u00f3 tindr\u00e0 lloc el proper 22 de novembre a Nova York i anir\u00e0 a c\u00e0rrec del popular presentador brit\u00e0nic Graham Norton, que va ser guardonat amb un emmy l\u2019any 2001.<\/p>\n<p>El documental ha estat dirigit per Josep Rovira i coprodu\u00eft per TVC, la Fundaci\u00f3-Gala Salvador Dal\u00ed, Article Z i la participaci\u00f3 de France 5. TV3 va estrenar el documental amb motiu del centenari del naixement de Salvador Dal\u00ed, despr\u00e9s d\u2019haver-lo presentat al Teatre-Museu Dal\u00ed de Figueres el dia 20 de gener. Explora la contribuci\u00f3 de Dal\u00ed en el m\u00f3n del cinema, amb produccions com Un chien andalou, L\u2019\u00e2ge d\u2019Or, els decorats per a la pel\u00b7l\u00edcula de Hitchcock Spellbound, els guions realitzats conjuntament amb els germans Marx, el projecte no realitzat de Destino junt a Walt Disney, etc. El m\u00e9s innovador que proposa el documental, a part d\u2019una original banda sonora a c\u00e0rrec de Quimi Portet, \u00e9s la tesi que suggereix que Dal\u00ed va crear un nou g\u00e8nere cinematogr\u00e0fic, que dirigia, escrivia i interpretava ell mateix. Els 52 minuts del documental s\u2019han realitzat gr\u00e0cies a un extens i minuci\u00f3s treball de recerca en importants arxius audiovisuals d\u2019arreu del m\u00f3n i l\u2019estreta col\u00b7laboraci\u00f3 de la Fundaci\u00f3 Dal\u00ed.<\/p>\n","protected":false},"excerpt":{"rendered":"<p>L\u2019acad\u00e8mia que atorga aquest premi, equivalent a l\u2019\u00f2scar en televisi\u00f3, \u00e9s la International Academy of Television Arts &amp; Sciences, una organitzaci\u00f3 independent que engloba les millors televisions i els mitjans capdavanters en el m\u00f3n de la comunicaci\u00f3. Els altres finalistes que opten al premi en la categoria de Programes d\u2019Art d\u2019aquesta 32ena edici\u00f3 s\u00f3n: \u2018Amelia\u2019 [&hellip;]<\/p>\n","protected":false},"featured_media":0,"menu_order":0,"template":"","format":"standard","meta":{"_acf_changed":false,"_coblocks_attr":"","_coblocks_dimensions":"","_coblocks_responsive_height":"","_coblocks_accordion_ie_support":""},"categoria-actualitat":[83,81],"class_list":["post-3856","noticia","type-noticia","status-publish","format-standard","hentry","categoria-actualitat-any-dali","categoria-actualitat-publicacions"],"acf":[],"_links":{"self":[{"href":"https:\/\/webdali.latempesta.eu\/ca\/wp-json\/wp\/v2\/noticia\/3856","targetHints":{"allow":["GET"]}}],"collection":[{"href":"https:\/\/webdali.latempesta.eu\/ca\/wp-json\/wp\/v2\/noticia"}],"about":[{"href":"https:\/\/webdali.latempesta.eu\/ca\/wp-json\/wp\/v2\/types\/noticia"}],"wp:attachment":[{"href":"https:\/\/webdali.latempesta.eu\/ca\/wp-json\/wp\/v2\/media?parent=3856"}],"wp:term":[{"taxonomy":"categoria-actualitat","embeddable":true,"href":"https:\/\/webdali.latempesta.eu\/ca\/wp-json\/wp\/v2\/categoria-actualitat?post=3856"}],"curies":[{"name":"wp","href":"https:\/\/api.w.org\/{rel}","templated":true}]}}