{"id":3872,"date":"2005-05-15T00:00:00","date_gmt":"2005-05-14T22:00:00","guid":{"rendered":"https:\/\/webdali.latempesta.eu\/noticia\/cloenda-de-lany-dali\/"},"modified":"2025-05-19T12:45:56","modified_gmt":"2025-05-19T10:45:56","slug":"cloenda-de-l-any-dali","status":"publish","type":"noticia","link":"https:\/\/webdali.latempesta.eu\/ca\/fundacio-dali\/noticia\/cloenda-de-l-any-dali\/","title":{"rendered":"Cloenda de l\u2019Any Dal\u00ed"},"content":{"rendered":"<p>La Fundaci\u00f3 Gala-Salvador Dal\u00ed ha celebrat una sessi\u00f3 de treball amb el president de la Generalitat de Catalunya, M. Hnble. Sr. Pasqual Maragall, per presentar i valorar els resultats dels actes commemoratius del centenari del naixement del Mestre Salvador Dal\u00ed, en una reuni\u00f3 a la qual tamb\u00e9 han assistit el president de la Fundaci\u00f3 Gala-Salvador Dal\u00ed, Ramon Boixad\u00f3s, la comiss\u00e0ria del centenari, Montse Aguer, membres del Patronat i directius de la Fundaci\u00f3.<\/p>\n","protected":false},"excerpt":{"rendered":"<p>La Fundaci\u00f3 Gala-Salvador Dal\u00ed ha celebrat una sessi\u00f3 de treball amb el president de la Generalitat de Catalunya, M. Hnble. Sr. Pasqual Maragall, per presentar i valorar els resultats dels actes commemoratius del centenari del naixement del Mestre Salvador Dal\u00ed, en una reuni\u00f3 a la qual tamb\u00e9 han assistit el president de la Fundaci\u00f3 Gala-Salvador [&hellip;]<\/p>\n","protected":false},"featured_media":0,"menu_order":0,"template":"","format":"standard","meta":{"_acf_changed":false,"_coblocks_attr":"","_coblocks_dimensions":"","_coblocks_responsive_height":"","_coblocks_accordion_ie_support":""},"categoria-actualitat":[83],"class_list":["post-3872","noticia","type-noticia","status-publish","format-standard","hentry","categoria-actualitat-any-dali"],"acf":[],"_links":{"self":[{"href":"https:\/\/webdali.latempesta.eu\/ca\/wp-json\/wp\/v2\/noticia\/3872","targetHints":{"allow":["GET"]}}],"collection":[{"href":"https:\/\/webdali.latempesta.eu\/ca\/wp-json\/wp\/v2\/noticia"}],"about":[{"href":"https:\/\/webdali.latempesta.eu\/ca\/wp-json\/wp\/v2\/types\/noticia"}],"wp:attachment":[{"href":"https:\/\/webdali.latempesta.eu\/ca\/wp-json\/wp\/v2\/media?parent=3872"}],"wp:term":[{"taxonomy":"categoria-actualitat","embeddable":true,"href":"https:\/\/webdali.latempesta.eu\/ca\/wp-json\/wp\/v2\/categoria-actualitat?post=3872"}],"curies":[{"name":"wp","href":"https:\/\/api.w.org\/{rel}","templated":true}]}}