{"id":3894,"date":"2005-06-09T00:00:00","date_gmt":"2005-06-08T22:00:00","guid":{"rendered":"https:\/\/webdali.latempesta.eu\/noticia\/montblanc-llanca-una-ploma-estilografica-en-homenatge-a-dali\/"},"modified":"2005-06-09T00:00:00","modified_gmt":"2005-06-08T22:00:00","slug":"montblanc-llanca-una-ploma-estilografica-en-homenatge-a-dali","status":"publish","type":"noticia","link":"https:\/\/webdali.latempesta.eu\/ca\/fundacio-dali\/noticia\/montblanc-llanca-una-ploma-estilografica-en-homenatge-a-dali\/","title":{"rendered":"Montblanc llan\u00e7a una ploma estilogr\u00e0fica en homenatge a Dal\u00ed"},"content":{"rendered":"<p>La prestigiosa empresa ha dissenyat una aut\u00e8ntica meravella d\u2019orfebreria, amb un tiratge limitat a 100 exemplars i un preu de venda de 13.400 euros, que es pot trobar tan sols a les botigues de Montblanc.<\/p>\n<p>La presentaci\u00f3 a la premsa va anar acompanyada d\u2019un homenatge culinari a la viniteca de Joaquim Vila, de la m\u00e0 dels cuiners Jaume Subir\u00f3s (Hotel Empord\u00e0), Josep Monje (Via Veneto) i Ferm\u00ed Puig (Drolma), al qual tamb\u00e9 van assistir el conseller delegat de Montblanc, Hubert Wiese, i el gerent de la Fundaci\u00f3 Gala &#8211; Salvador Dal\u00ed, Joan Manuel Sevillano.<\/p>\n<p>Es tracta d\u2019una pe\u00e7a de col\u00b7leccionista realitzada en or blanc i groc, diamants, i un retrat de Dal\u00ed gravat al plom\u00ed.<\/p>\n","protected":false},"excerpt":{"rendered":"<p>La prestigiosa empresa ha dissenyat una aut\u00e8ntica meravella d\u2019orfebreria, amb un tiratge limitat a 100 exemplars i un preu de venda de 13.400 euros, que es pot trobar tan sols a les botigues de Montblanc. La presentaci\u00f3 a la premsa va anar acompanyada d\u2019un homenatge culinari a la viniteca de Joaquim Vila, de la m\u00e0 [&hellip;]<\/p>\n","protected":false},"featured_media":0,"menu_order":0,"template":"","format":"standard","meta":{"_acf_changed":false,"_coblocks_attr":"","_coblocks_dimensions":"","_coblocks_responsive_height":"","_coblocks_accordion_ie_support":""},"categoria-actualitat":[79,81],"class_list":["post-3894","noticia","type-noticia","status-publish","format-standard","hentry","categoria-actualitat-fundacio-gala-salvador-dali","categoria-actualitat-publicacions"],"acf":[],"_links":{"self":[{"href":"https:\/\/webdali.latempesta.eu\/ca\/wp-json\/wp\/v2\/noticia\/3894","targetHints":{"allow":["GET"]}}],"collection":[{"href":"https:\/\/webdali.latempesta.eu\/ca\/wp-json\/wp\/v2\/noticia"}],"about":[{"href":"https:\/\/webdali.latempesta.eu\/ca\/wp-json\/wp\/v2\/types\/noticia"}],"wp:attachment":[{"href":"https:\/\/webdali.latempesta.eu\/ca\/wp-json\/wp\/v2\/media?parent=3894"}],"wp:term":[{"taxonomy":"categoria-actualitat","embeddable":true,"href":"https:\/\/webdali.latempesta.eu\/ca\/wp-json\/wp\/v2\/categoria-actualitat?post=3894"}],"curies":[{"name":"wp","href":"https:\/\/api.w.org\/{rel}","templated":true}]}}