{"id":3972,"date":"2003-04-22T00:00:00","date_gmt":"2003-04-21T22:00:00","guid":{"rendered":"https:\/\/webdali.latempesta.eu\/noticia\/el-consell-promotor-de-lany-dali-incorpora-rtve\/"},"modified":"2025-05-19T12:45:57","modified_gmt":"2025-05-19T10:45:57","slug":"el-consell-promotor-de-l-any-dali-incorpora-rtve","status":"publish","type":"noticia","link":"https:\/\/webdali.latempesta.eu\/ca\/fundacio-dali\/noticia\/el-consell-promotor-de-l-any-dali-incorpora-rtve\/","title":{"rendered":"El Consell Promotor de l\u2019Any Dal\u00ed incorpora RTVE"},"content":{"rendered":"<p>El grup d\u2019empreses de comunicaci\u00f3 de R\u00e0dio Televisi\u00f3 Espanyola (RTVE) ha estat el segon membre que s\u2019ha incorporat al Consell Promotor de l\u2019Any Dal\u00ed. El protocol ha estat signat al Teatre-Museu Dal\u00ed de Figueres per part del president de la Fundaci\u00f3 Gala-Salvador Dal\u00ed, Ramon Boixad\u00f3s, i el director general de RTVE, Jos\u00e9 Antonio S\u00e1nchez, acompanyats de la comiss\u00e0ria de l\u2019Any Dal\u00ed, Montse Aguer, i del director de RTVE a Catalunya, Ramon Font.<\/p>\n<p>La col\u00b7laboraci\u00f3 es concentrar\u00e0 tant en la difusi\u00f3 de la vida i l\u2019obra de Salvador Dal\u00ed a trav\u00e9s dels 500 audiovisuals dels arxius de RTVE com dels actes que s\u2019organitzin l\u2019any vinent amb la celebraci\u00f3 del centenari del naixement del pintor figuerenc.<\/p>\n<p>Els diferents canals de RTVE permetran fer-ne una projecci\u00f3 tant en l&#8217;\u00e0mbit catal\u00e0 com en l&#8217;estatal i l\u2019internacional. D\u2019acord amb el conveni, l\u2019ens p\u00fablic col\u00b7laborar\u00e0 en l&#8217;Any Dal\u00ed a trav\u00e9s dels informatius, la programaci\u00f3 regular i diversos programes especials.<\/p>\n<p>\u00a0<\/p>\n","protected":false},"excerpt":{"rendered":"<p>El grup d\u2019empreses de comunicaci\u00f3 de R\u00e0dio Televisi\u00f3 Espanyola (RTVE) ha estat el segon membre que s\u2019ha incorporat al Consell Promotor de l\u2019Any Dal\u00ed. El protocol ha estat signat al Teatre-Museu Dal\u00ed de Figueres per part del president de la Fundaci\u00f3 Gala-Salvador Dal\u00ed, Ramon Boixad\u00f3s, i el director general de RTVE, Jos\u00e9 Antonio S\u00e1nchez, acompanyats [&hellip;]<\/p>\n","protected":false},"featured_media":3973,"menu_order":0,"template":"","format":"standard","meta":{"_acf_changed":false,"_coblocks_attr":"","_coblocks_dimensions":"","_coblocks_responsive_height":"","_coblocks_accordion_ie_support":""},"categoria-actualitat":[83],"class_list":["post-3972","noticia","type-noticia","status-publish","format-standard","has-post-thumbnail","hentry","categoria-actualitat-any-dali"],"acf":[],"_links":{"self":[{"href":"https:\/\/webdali.latempesta.eu\/ca\/wp-json\/wp\/v2\/noticia\/3972","targetHints":{"allow":["GET"]}}],"collection":[{"href":"https:\/\/webdali.latempesta.eu\/ca\/wp-json\/wp\/v2\/noticia"}],"about":[{"href":"https:\/\/webdali.latempesta.eu\/ca\/wp-json\/wp\/v2\/types\/noticia"}],"wp:featuredmedia":[{"embeddable":true,"href":"https:\/\/webdali.latempesta.eu\/ca\/wp-json\/wp\/v2\/media\/3973"}],"wp:attachment":[{"href":"https:\/\/webdali.latempesta.eu\/ca\/wp-json\/wp\/v2\/media?parent=3972"}],"wp:term":[{"taxonomy":"categoria-actualitat","embeddable":true,"href":"https:\/\/webdali.latempesta.eu\/ca\/wp-json\/wp\/v2\/categoria-actualitat?post=3972"}],"curies":[{"name":"wp","href":"https:\/\/api.w.org\/{rel}","templated":true}]}}