{"id":4007,"date":"2003-07-23T00:00:00","date_gmt":"2003-07-22T22:00:00","guid":{"rendered":"https:\/\/webdali.latempesta.eu\/noticia\/la-corporacio-catalana-de-radio-i-televisio-ccrtv-es-converteix-en-entitat-collaboradora-de-lany-dali-2004\/"},"modified":"2025-05-19T12:45:57","modified_gmt":"2025-05-19T10:45:57","slug":"la-corporacio-catalana-de-radio-i-televisio-ccrtv-es-converteix-en-entitat-col-laboradora-de-l-any-dali-2004","status":"publish","type":"noticia","link":"https:\/\/webdali.latempesta.eu\/ca\/fundacio-dali\/noticia\/la-corporacio-catalana-de-radio-i-televisio-ccrtv-es-converteix-en-entitat-col-laboradora-de-l-any-dali-2004\/","title":{"rendered":"La Corporaci\u00f3 Catalana de R\u00e0dio i Televisi\u00f3 (CCRTV) es converteix en entitat col\u00b7laboradora de l\u2019Any Dal\u00ed 2004"},"content":{"rendered":"<p>El director general de la Corporaci\u00f3 Catalana de R\u00e0dio i Televisi\u00f3 (CCRTV), Sr. Vicen\u00e7 Villatoro, i el president de la Fundaci\u00f3 Gala-Salvador Dal\u00ed, Sr. Ramon Boixad\u00f3s, han signat el document d\u2019adhesi\u00f3 pel qual la Corporaci\u00f3 es converteix en Entitat Col\u00b7laboradora de l\u2019Any Dal\u00ed 2004. La signatura del document ha tingut lloc a l\u2019Hotel Empord\u00e0 de Figueres, una altra de les entitats col\u00b7laboradores del centenari.<\/p>\n<p>\nMitjan\u00e7ant aquest conveni, la CCRTV es compromet a donar suport a la difusi\u00f3 dels actes i celebracions inaugurals del centenari i a participar en la promoci\u00f3 de les activitats que configuren l\u2019Any Dal\u00ed 2004. En reconeixement a aquesta aportaci\u00f3, la Fundaci\u00f3 Gala-Salvador Dal\u00ed cedeix a la CCRTV l\u2019\u00fas de la marca oficial de l\u2019any en la publicitat que aquesta consideri pertinent, d\u2019acord amb les normes establertes per la Fundaci\u00f3.<\/p>\n","protected":false},"excerpt":{"rendered":"<p>El director general de la Corporaci\u00f3 Catalana de R\u00e0dio i Televisi\u00f3 (CCRTV), Sr. Vicen\u00e7 Villatoro, i el president de la Fundaci\u00f3 Gala-Salvador Dal\u00ed, Sr. Ramon Boixad\u00f3s, han signat el document d\u2019adhesi\u00f3 pel qual la Corporaci\u00f3 es converteix en Entitat Col\u00b7laboradora de l\u2019Any Dal\u00ed 2004. La signatura del document ha tingut lloc a l\u2019Hotel Empord\u00e0 de [&hellip;]<\/p>\n","protected":false},"featured_media":4008,"menu_order":0,"template":"","format":"standard","meta":{"_acf_changed":false,"_coblocks_attr":"","_coblocks_dimensions":"","_coblocks_responsive_height":"","_coblocks_accordion_ie_support":""},"categoria-actualitat":[83],"class_list":["post-4007","noticia","type-noticia","status-publish","format-standard","has-post-thumbnail","hentry","categoria-actualitat-any-dali"],"acf":[],"_links":{"self":[{"href":"https:\/\/webdali.latempesta.eu\/ca\/wp-json\/wp\/v2\/noticia\/4007","targetHints":{"allow":["GET"]}}],"collection":[{"href":"https:\/\/webdali.latempesta.eu\/ca\/wp-json\/wp\/v2\/noticia"}],"about":[{"href":"https:\/\/webdali.latempesta.eu\/ca\/wp-json\/wp\/v2\/types\/noticia"}],"wp:featuredmedia":[{"embeddable":true,"href":"https:\/\/webdali.latempesta.eu\/ca\/wp-json\/wp\/v2\/media\/4008"}],"wp:attachment":[{"href":"https:\/\/webdali.latempesta.eu\/ca\/wp-json\/wp\/v2\/media?parent=4007"}],"wp:term":[{"taxonomy":"categoria-actualitat","embeddable":true,"href":"https:\/\/webdali.latempesta.eu\/ca\/wp-json\/wp\/v2\/categoria-actualitat?post=4007"}],"curies":[{"name":"wp","href":"https:\/\/api.w.org\/{rel}","templated":true}]}}