{"id":4032,"date":"2003-12-01T00:00:00","date_gmt":"2003-11-30T22:00:00","guid":{"rendered":"https:\/\/webdali.latempesta.eu\/noticia\/presentacio-de-la-campanya-art-i-gastronomia-dali-2004-sota-la-cupula-del-teatre-museu-dali\/"},"modified":"2003-12-01T00:00:00","modified_gmt":"2003-11-30T22:00:00","slug":"presentacio-de-la-campanya-art-i-gastronomia-dali-2004-sota-la-cupula-del-teatre-museu-dali","status":"publish","type":"noticia","link":"https:\/\/webdali.latempesta.eu\/ca\/fundacio-dali\/noticia\/presentacio-de-la-campanya-art-i-gastronomia-dali-2004-sota-la-cupula-del-teatre-museu-dali\/","title":{"rendered":"Presentaci\u00f3 de la campanya Art i Gastronomia-Dal\u00ed 2004 sota la c\u00fapula del Teatre-Museu Dal\u00ed"},"content":{"rendered":"<p>El Sr. Ramon Boixad\u00f3s, president de la Fundaci\u00f3 Gala &#8211; Salvador Dal\u00ed i de la comissi\u00f3 executiva de l&#8217;Any Dal\u00ed, la Sra. Montse Aguer, directora del Centre d&#8217;Estudis Dalinians i Comiss\u00e0ria de l&#8217;Any Dal\u00ed, la Sra. Nat\u00e0lia Molero en representaci\u00f3 del Departament de Cultura de la Generalitat de Catalunya i de Turisme de Catalunya, el Sr. Ramon Ramos, president del Patronat de Turisme Costa Brava-Girona, el Sr. Toni Izquierdo, president de La Cuina de l&#8217;Empordanet, i la Sra. Rosa Bel, coordinadora de la campanya, han presidit la presentaci\u00f3 oficial d&#8217;Art i Gastronomia-Dal\u00ed 2004.<br \/>\nL&#8217;objectiu d&#8217;aquesta iniciativa del m\u00f3n de la restauraci\u00f3 \u00e9s retre un homenatge a l&#8217;artista empordan\u00e8s amb motiu del centenari del seu naixement, mitjan\u00e7ant una combinaci\u00f3 in\u00e8dita de la gastronomia i la rauxa empordanesa. L&#8217;ingredient com\u00fa de totes les receptes \u00e9s l&#8217;ou, una de les icones m\u00e9s representatives de Salvador Dal\u00ed, per\u00f2 tamb\u00e9 s&#8217;ofereix als cuiners i cuineres la possibilitat de plasmar la seva particular manera d&#8217;entendre i percebre la personalitat i l&#8217;obra de Salvador Dal\u00ed. La campanya ha estat presentada per part de Rosa Bel i compta amb una p\u00e0gina web pr\u00f2pia: www.art-gastronomia.com on s&#8217;hi poden trobar tots els establiments que integren el col.lectiu de La Cuina de l&#8217;Empordanet, que actualment depassa les comarques de l&#8217;Alt i Baix Empord\u00e0. S\u00f3n els seg\u00fcents: Aiguablava, Almadraba Park i La Llar de Roses, Aradi de Platja d&#8217;Aro, Can Duran i l&#8217;Hotel Empord\u00e0 de Figueres (aquest \u00faltim \u00e9s entitat col.laboradora de l&#8217;Any Dal\u00ed), Can Salvi de St. Feliu de Gu\u00edxols, Cal Sagrist\u00e0, l&#8217;Hotel Golf Peralada i el Casino Castell de Peralada (el Grup Peralada \u00e9s membre del Consell Promotor de l&#8217;Any Dal\u00ed), el Celler de la Planassa, La Gamba i Mas dels Arcs de Palam\u00f3s, El Bulli de Roses, El Celler de Can Roca, de Girona, El Mol\u00ed de l&#8217;Escala i El Roser 2 tamb\u00e9 de l&#8217;Escala, Els Tinars de Llagostera, La Costa i Mas Roig de Pals, La C\u00fapula de Vila-sacra, La Pla\u00e7a de Madremanya, La Xicra de Palafrugell, Les Cols d&#8217;Olot, Les Panolles de Santa Cristina d&#8217;Aro, Llevant de Llafranc, Mar Joli de Navata, Mas de Torrent, Mas Pau d&#8217;Avinyonet de Puigvent\u00f3s, Miramar de Llan\u00e7\u00e0 i Sa Punta de Begur.<\/p>\n<p>\nGr\u00e0cies a la col.laboraci\u00f3 de la Fundaci\u00f3 Dal\u00ed, la campanya Art i Gastronomia ofereix al client dels establiments la possibilitat de visitar els museus Dal\u00ed en condicions avantatjoses en forma de paquet de cap de setmana cultural i gastron\u00f2mic. En els restaurants participants s&#8217;hi podr\u00e0 contemplar obra realitzada per artistes locals dedicada a Salvador Dal\u00ed. Hi trobem pintors com Antoni Pitxot, Josep Niebla, Modest Cuixart, Leonard Beard, Carme Sanglas, Gino Rubert, Guerrero Medina, Roca Sans, Gustau Carb\u00f3, Jordi S\u00e0bat, Santiago Roca D. Costa, fot\u00f2grafs com Torner, Ban\u00fas, Toti Mestres, Capell\u00e0, Humberto Ribas, Joan Comalat, Carrera, escultors com Ans\u00f3n, Alzamora, Udaeta, Manel \u00c1lvarez, Narc\u00eds Costa, Claude Lambert, Dom\u00e9nech Fita o Torres Mons\u00f3. Tot el material promocional de la campanya reproduir\u00e0 el logotip de l&#8217;Any Dal\u00ed.<\/p>\n<p>\nEl precedent l&#8217;hem de buscar al setembre de 2002: cadascun dels 17 restaurants que aleshores integraven el col.lectiu va elaborar una recepta on l&#8217;ingredient principal era l&#8217;ou, i es presentava a taula en un plat dissenyat expressament per aquella ocasi\u00f3, tamb\u00e9 amb l&#8217;ou com a motiu m\u00e9s destacat. La campanya que ja s&#8217;anomenava Art i Gastronomia es va presentar a la casa-museu Castell Gala Dal\u00ed de P\u00fabol. I l&#8217;antecedent d&#8217;un homenatge com el d&#8217;avui va ser la campanya Pla, Plat a Plat amb motiu de l&#8217;Any Pla, iniciativa que es va valorar com un gran \u00e8xit.<\/p>\n","protected":false},"excerpt":{"rendered":"<p>El Sr. Ramon Boixad\u00f3s, president de la Fundaci\u00f3 Gala &#8211; Salvador Dal\u00ed i de la comissi\u00f3 executiva de l&#8217;Any Dal\u00ed, la Sra. Montse Aguer, directora del Centre d&#8217;Estudis Dalinians i Comiss\u00e0ria de l&#8217;Any Dal\u00ed, la Sra. Nat\u00e0lia Molero en representaci\u00f3 del Departament de Cultura de la Generalitat de Catalunya i de Turisme de Catalunya, el [&hellip;]<\/p>\n","protected":false},"featured_media":4033,"menu_order":0,"template":"","format":"standard","meta":{"_acf_changed":false,"_coblocks_attr":"","_coblocks_dimensions":"","_coblocks_responsive_height":"","_coblocks_accordion_ie_support":""},"categoria-actualitat":[83],"class_list":["post-4032","noticia","type-noticia","status-publish","format-standard","has-post-thumbnail","hentry","categoria-actualitat-any-dali"],"acf":[],"_links":{"self":[{"href":"https:\/\/webdali.latempesta.eu\/ca\/wp-json\/wp\/v2\/noticia\/4032","targetHints":{"allow":["GET"]}}],"collection":[{"href":"https:\/\/webdali.latempesta.eu\/ca\/wp-json\/wp\/v2\/noticia"}],"about":[{"href":"https:\/\/webdali.latempesta.eu\/ca\/wp-json\/wp\/v2\/types\/noticia"}],"wp:featuredmedia":[{"embeddable":true,"href":"https:\/\/webdali.latempesta.eu\/ca\/wp-json\/wp\/v2\/media\/4033"}],"wp:attachment":[{"href":"https:\/\/webdali.latempesta.eu\/ca\/wp-json\/wp\/v2\/media?parent=4032"}],"wp:term":[{"taxonomy":"categoria-actualitat","embeddable":true,"href":"https:\/\/webdali.latempesta.eu\/ca\/wp-json\/wp\/v2\/categoria-actualitat?post=4032"}],"curies":[{"name":"wp","href":"https:\/\/api.w.org\/{rel}","templated":true}]}}