{"id":4088,"date":"2004-06-25T00:00:00","date_gmt":"2004-06-24T22:00:00","guid":{"rendered":"https:\/\/webdali.latempesta.eu\/noticia\/la-diputacio-de-girona-es-converteix-en-entitat-collaboradora-de-lany-dali\/"},"modified":"2025-05-19T12:45:59","modified_gmt":"2025-05-19T10:45:59","slug":"la-diputacio-de-girona-es-converteix-en-entitat-col-laboradora-de-l-any-dali","status":"publish","type":"noticia","link":"https:\/\/webdali.latempesta.eu\/ca\/fundacio-dali\/noticia\/la-diputacio-de-girona-es-converteix-en-entitat-col-laboradora-de-l-any-dali\/","title":{"rendered":"La Diputaci\u00f3 de Girona es converteix en Entitat Col\u00b7laboradora de l\u2019Any Dal\u00ed"},"content":{"rendered":"<p>El president de la Diputaci\u00f3 de Girona, Ilm. Sr. Carles P\u00e1ramo i el president de la Fundaci\u00f3 Gala-Salvador Dal\u00ed, Sr. Ramon Boixad\u00f3s, han signat avui un conveni mitjan\u00e7ant el qual la Diputaci\u00f3 es converteix en Entitat Col\u00b7laboradora de l\u2019Any Dal\u00ed.<\/p>\n<p>Aquesta col\u00b7laboraci\u00f3 es concreta amb el patrocini de l\u2019exposici\u00f3 dels dibuixos originals que Dal\u00ed va realitzar per il\u00b7lustrar el llibre autobiogr\u00e0fic La Vida Secreta, dibuixos que seran exposats a finals de juliol al Teatre-Museu Dal\u00ed de Figueres. L\u2019acte ha tingut lloc a la Sala de les Loggies del Teatre-Museu Dal\u00ed i tamb\u00e9 hi han assistit el vice-president de la Diputaci\u00f3 i diputat de Cultura, Sr. Enric Vilert, i la directora del Centre d\u2019Estudis Dalinians i comiss\u00e0ria de l\u2019Any Dal\u00ed, Sra. Montse Aguer.<\/p>\n","protected":false},"excerpt":{"rendered":"<p>El president de la Diputaci\u00f3 de Girona, Ilm. Sr. Carles P\u00e1ramo i el president de la Fundaci\u00f3 Gala-Salvador Dal\u00ed, Sr. Ramon Boixad\u00f3s, han signat avui un conveni mitjan\u00e7ant el qual la Diputaci\u00f3 es converteix en Entitat Col\u00b7laboradora de l\u2019Any Dal\u00ed. Aquesta col\u00b7laboraci\u00f3 es concreta amb el patrocini de l\u2019exposici\u00f3 dels dibuixos originals que Dal\u00ed va [&hellip;]<\/p>\n","protected":false},"featured_media":4089,"menu_order":0,"template":"","format":"standard","meta":{"_acf_changed":false,"_coblocks_attr":"","_coblocks_dimensions":"","_coblocks_responsive_height":"","_coblocks_accordion_ie_support":""},"categoria-actualitat":[83],"class_list":["post-4088","noticia","type-noticia","status-publish","format-standard","has-post-thumbnail","hentry","categoria-actualitat-any-dali"],"acf":[],"_links":{"self":[{"href":"https:\/\/webdali.latempesta.eu\/ca\/wp-json\/wp\/v2\/noticia\/4088","targetHints":{"allow":["GET"]}}],"collection":[{"href":"https:\/\/webdali.latempesta.eu\/ca\/wp-json\/wp\/v2\/noticia"}],"about":[{"href":"https:\/\/webdali.latempesta.eu\/ca\/wp-json\/wp\/v2\/types\/noticia"}],"wp:featuredmedia":[{"embeddable":true,"href":"https:\/\/webdali.latempesta.eu\/ca\/wp-json\/wp\/v2\/media\/4089"}],"wp:attachment":[{"href":"https:\/\/webdali.latempesta.eu\/ca\/wp-json\/wp\/v2\/media?parent=4088"}],"wp:term":[{"taxonomy":"categoria-actualitat","embeddable":true,"href":"https:\/\/webdali.latempesta.eu\/ca\/wp-json\/wp\/v2\/categoria-actualitat?post=4088"}],"curies":[{"name":"wp","href":"https:\/\/api.w.org\/{rel}","templated":true}]}}