{"id":4185,"date":"2006-11-30T00:00:00","date_gmt":"2006-11-29T22:00:00","guid":{"rendered":"https:\/\/webdali.latempesta.eu\/noticia\/presentat-el-7e-i-ultim-volum-de-les-obres-completes\/"},"modified":"2006-11-30T00:00:00","modified_gmt":"2006-11-29T22:00:00","slug":"presentat-el-7e-i-ultim-volum-de-les-obres-completes","status":"publish","type":"noticia","link":"https:\/\/webdali.latempesta.eu\/ca\/fundacio-dali\/noticia\/presentat-el-7e-i-ultim-volum-de-les-obres-completes\/","title":{"rendered":"Presentat el 7\u00e8 i \u00faltim volum de les Obres Completes"},"content":{"rendered":"<p>A la seu de Destino a Madrid s&#8217;ha presentat <em>Entrevistes<\/em>, el 7\u00e8 i \u00faltim volum de les Obres Completes de Salvador Dal\u00ed. Amb aquest volum conclou l&#8217;edici\u00f3\u00a0iniciada el novembre de\u00a02003, per celebrar el centenari de l&#8217;artista. L&#8217;acte ha anat a c\u00e0rrec de Montse Aguer, directora del Centre d&#8217;Estudis Dalinians, el cr\u00edtic d&#8217;art i catedr\u00e0tic Francisco Calvo Serraller, editor i prologuista del volum, el director\u00a0d&#8217;Edicions Destino, Emili Rosales,\u00a0i\u00a0el president de la Sociedad Estatal de Conmemoraciones Culturales, Jos\u00e9 Garc\u00eda Velasco. L&#8217;Obra Completa s&#8217;ha publicat en catal\u00e0 i en castell\u00e0.<\/p>\n","protected":false},"excerpt":{"rendered":"<p>A la seu de Destino a Madrid s&#8217;ha presentat Entrevistes, el 7\u00e8 i \u00faltim volum de les Obres Completes de Salvador Dal\u00ed. Amb aquest volum conclou l&#8217;edici\u00f3\u00a0iniciada el novembre de\u00a02003, per celebrar el centenari de l&#8217;artista. L&#8217;acte ha anat a c\u00e0rrec de Montse Aguer, directora del Centre d&#8217;Estudis Dalinians, el cr\u00edtic d&#8217;art i catedr\u00e0tic Francisco [&hellip;]<\/p>\n","protected":false},"featured_media":4186,"menu_order":0,"template":"","format":"standard","meta":{"_acf_changed":false,"_coblocks_attr":"","_coblocks_dimensions":"","_coblocks_responsive_height":"","_coblocks_accordion_ie_support":""},"categoria-actualitat":[83,79,81],"class_list":["post-4185","noticia","type-noticia","status-publish","format-standard","has-post-thumbnail","hentry","categoria-actualitat-any-dali","categoria-actualitat-fundacio-gala-salvador-dali","categoria-actualitat-publicacions"],"acf":[],"_links":{"self":[{"href":"https:\/\/webdali.latempesta.eu\/ca\/wp-json\/wp\/v2\/noticia\/4185","targetHints":{"allow":["GET"]}}],"collection":[{"href":"https:\/\/webdali.latempesta.eu\/ca\/wp-json\/wp\/v2\/noticia"}],"about":[{"href":"https:\/\/webdali.latempesta.eu\/ca\/wp-json\/wp\/v2\/types\/noticia"}],"wp:featuredmedia":[{"embeddable":true,"href":"https:\/\/webdali.latempesta.eu\/ca\/wp-json\/wp\/v2\/media\/4186"}],"wp:attachment":[{"href":"https:\/\/webdali.latempesta.eu\/ca\/wp-json\/wp\/v2\/media?parent=4185"}],"wp:term":[{"taxonomy":"categoria-actualitat","embeddable":true,"href":"https:\/\/webdali.latempesta.eu\/ca\/wp-json\/wp\/v2\/categoria-actualitat?post=4185"}],"curies":[{"name":"wp","href":"https:\/\/api.w.org\/{rel}","templated":true}]}}