{"id":4308,"date":"2008-06-20T00:00:00","date_gmt":"2008-06-19T22:00:00","guid":{"rendered":"https:\/\/webdali.latempesta.eu\/noticia\/jazz-a-la-pera\/"},"modified":"2008-06-20T00:00:00","modified_gmt":"2008-06-19T22:00:00","slug":"jazz-a-la-pera","status":"publish","type":"noticia","link":"https:\/\/webdali.latempesta.eu\/ca\/fundacio-dali\/noticia\/jazz-a-la-pera\/","title":{"rendered":"Jazz a la Pera"},"content":{"rendered":"<p>El Festival de jazz catal\u00e0 del Baix Empord\u00e0 tindr\u00e0 seu a P\u00fabol. El Castell Gala Dal\u00ed\u00a0ser\u00e0 l&#8217;escenari del concert que anir\u00e0 a c\u00e0rrec\u00a0d&#8217;Albert Vila i Clara Luna\u00a0el proper divendres 20 de juny a les 20:30.<\/p>\n","protected":false},"excerpt":{"rendered":"<p>El Festival de jazz catal\u00e0 del Baix Empord\u00e0 tindr\u00e0 seu a P\u00fabol. El Castell Gala Dal\u00ed\u00a0ser\u00e0 l&#8217;escenari del concert que anir\u00e0 a c\u00e0rrec\u00a0d&#8217;Albert Vila i Clara Luna\u00a0el proper divendres 20 de juny a les 20:30.<\/p>\n","protected":false},"featured_media":4309,"menu_order":0,"template":"","format":"standard","meta":{"_acf_changed":false,"_coblocks_attr":"","_coblocks_dimensions":"","_coblocks_responsive_height":"","_coblocks_accordion_ie_support":""},"categoria-actualitat":[77,80],"class_list":["post-4308","noticia","type-noticia","status-publish","format-standard","has-post-thumbnail","hentry","categoria-actualitat-activitats","categoria-actualitat-museus"],"acf":[],"_links":{"self":[{"href":"https:\/\/webdali.latempesta.eu\/ca\/wp-json\/wp\/v2\/noticia\/4308","targetHints":{"allow":["GET"]}}],"collection":[{"href":"https:\/\/webdali.latempesta.eu\/ca\/wp-json\/wp\/v2\/noticia"}],"about":[{"href":"https:\/\/webdali.latempesta.eu\/ca\/wp-json\/wp\/v2\/types\/noticia"}],"wp:featuredmedia":[{"embeddable":true,"href":"https:\/\/webdali.latempesta.eu\/ca\/wp-json\/wp\/v2\/media\/4309"}],"wp:attachment":[{"href":"https:\/\/webdali.latempesta.eu\/ca\/wp-json\/wp\/v2\/media?parent=4308"}],"wp:term":[{"taxonomy":"categoria-actualitat","embeddable":true,"href":"https:\/\/webdali.latempesta.eu\/ca\/wp-json\/wp\/v2\/categoria-actualitat?post=4308"}],"curies":[{"name":"wp","href":"https:\/\/api.w.org\/{rel}","templated":true}]}}