{"id":4318,"date":"2008-08-01T00:00:00","date_gmt":"2008-07-31T22:00:00","guid":{"rendered":"https:\/\/webdali.latempesta.eu\/noticia\/dali-de-nit\/"},"modified":"2008-08-01T00:00:00","modified_gmt":"2008-07-31T22:00:00","slug":"dali-de-nit","status":"publish","type":"noticia","link":"https:\/\/webdali.latempesta.eu\/ca\/fundacio-dali\/noticia\/dali-de-nit\/","title":{"rendered":"Dal\u00ed de Nit"},"content":{"rendered":"<p>Clicant <a href=\"https:\/\/webdali.latempesta.eu\/serveis\/entrades\/\">aqu\u00ed<\/a> podeu adquirir les entrades per l&#8217;<strong>obertura nocturna<\/strong> del Teatre-Museu Dal\u00ed de Figueres,\u00a0durant l&#8217;agost de 2008. Per veure altres serveis de compra o reserva d&#8217;entrades dels Museus Dal\u00ed, cliqueu <a href=\"https:\/\/webdali.latempesta.eu\/serveis\/entrades\/\">aqu\u00ed<\/a>. Per a m\u00e9s informacio sobre l&#8217;edici\u00f3 del\u00a0Dal\u00ed de Nit, visiteu aquest <a href=\"\/museus\/teatre-museu-dali\/museu-dali-de-nit\/\">enlla\u00e7<\/a>.<\/p>\n<p>Com a novetat, es poden veure durant tot l&#8217;estiu i en horari d&#8217;obertura tant di\u00fcrn com nocturn, dues obres cedides en pr\u00e9stec temporal:<\/p>\n<p><a href=\"\/cataleg_raonat\/fitxa_obra.html?titol=berenar&amp;obra=442\">El berenar &#8220;sur l&#8217;herbe&#8221;<\/a> a la Sala de les Peixateries.<\/p>\n<p>M\u00fasics a la Sala del Tresor.<\/p>\n","protected":false},"excerpt":{"rendered":"<p>Clicant aqu\u00ed podeu adquirir les entrades per l&#8217;obertura nocturna del Teatre-Museu Dal\u00ed de Figueres,\u00a0durant l&#8217;agost de 2008. Per veure altres serveis de compra o reserva d&#8217;entrades dels Museus Dal\u00ed, cliqueu aqu\u00ed. Per a m\u00e9s informacio sobre l&#8217;edici\u00f3 del\u00a0Dal\u00ed de Nit, visiteu aquest enlla\u00e7. Com a novetat, es poden veure durant tot l&#8217;estiu i en horari [&hellip;]<\/p>\n","protected":false},"featured_media":4319,"menu_order":0,"template":"","format":"standard","meta":{"_acf_changed":false,"_coblocks_attr":"","_coblocks_dimensions":"","_coblocks_responsive_height":"","_coblocks_accordion_ie_support":""},"categoria-actualitat":[78,80],"class_list":["post-4318","noticia","type-noticia","status-publish","format-standard","has-post-thumbnail","hentry","categoria-actualitat-exposicions","categoria-actualitat-museus"],"acf":[],"_links":{"self":[{"href":"https:\/\/webdali.latempesta.eu\/ca\/wp-json\/wp\/v2\/noticia\/4318","targetHints":{"allow":["GET"]}}],"collection":[{"href":"https:\/\/webdali.latempesta.eu\/ca\/wp-json\/wp\/v2\/noticia"}],"about":[{"href":"https:\/\/webdali.latempesta.eu\/ca\/wp-json\/wp\/v2\/types\/noticia"}],"wp:featuredmedia":[{"embeddable":true,"href":"https:\/\/webdali.latempesta.eu\/ca\/wp-json\/wp\/v2\/media\/4319"}],"wp:attachment":[{"href":"https:\/\/webdali.latempesta.eu\/ca\/wp-json\/wp\/v2\/media?parent=4318"}],"wp:term":[{"taxonomy":"categoria-actualitat","embeddable":true,"href":"https:\/\/webdali.latempesta.eu\/ca\/wp-json\/wp\/v2\/categoria-actualitat?post=4318"}],"curies":[{"name":"wp","href":"https:\/\/api.w.org\/{rel}","templated":true}]}}