{"id":4495,"date":"2010-07-30T00:00:00","date_gmt":"2010-07-29T22:00:00","guid":{"rendered":"https:\/\/webdali.latempesta.eu\/noticia\/conveni-amb-comerc-figueres\/"},"modified":"2010-07-30T00:00:00","modified_gmt":"2010-07-29T22:00:00","slug":"conveni-amb-comerc-figueres","status":"publish","type":"noticia","link":"https:\/\/webdali.latempesta.eu\/ca\/fundacio-dali\/noticia\/conveni-amb-comerc-figueres\/","title":{"rendered":"Conveni amb Comer\u00e7 Figueres"},"content":{"rendered":"<p>La Fundaci\u00f3 Gala-Salvador Dal\u00ed i l\u2019associaci\u00f3 Comer\u00e7 Figueres\u00a0han signat un conveni de col\u2022laboraci\u00f3 per difondre el <a href=\"\/museus\/teatre-museu-dali\/museu-dali-de-nit\/\">Teatre-Museu Dal\u00ed de Nit<\/a> i promocionar la ciutat. L&#8217;edici\u00f3 nocturna del museu compr\u00e8n des del 31 de juliol al 31 d&#8217;agost, de les 22 hores fins la 1 de la matinada.<\/p>\n<p>L\u2019objectiu \u00e9s la dinamitzaci\u00f3 i promoci\u00f3 del comer\u00e7 de la ciutat aix\u00ed com la difusi\u00f3 del Teatre-Museu Dal\u00ed de Nit, que obre les seves portes en horari nocturn de les 22h a la 1 de la matinada, durant el mes d\u2019agost. Concretament, la Fundaci\u00f3 col\u2022labora aportant entrades al Teatre-Museu de Nit, que se sortejaran entre els usuaris de la Targeta Comer\u00e7 Empord\u00e0, i ofereix una visita especial als comerciants de Figueres la nit del 31 d\u2019agost. Comer\u00e7 Figueres, de la seva banda, col\u2022labora promocionant el Teatre-Museu de Nit en els seus canals habituals mitjan\u00e7ant la targeta Comer\u00e7 Empord\u00e0 i donant visibilitat de la iniciativa des dels propis comer\u00e7os adherits de la ciutat.<\/p>\n<p>La Fundaci\u00f3 Dal\u00ed valora aquest conveni com una iniciativa molt positiva en la promoci\u00f3 conjunta del museu i de la ciutat, posant a l\u2019abast del visitant del museu una experi\u00e8ncia m\u00e9s \u00e0mplia i gratificant. Comer\u00e7 Figueres considera que \u00e9s un pas important per ampliar el treball en xarxa i assolir majors objectius i col\u2022laboracions en un futur immediat en benefici del comer\u00e7 i de la ciutat.<\/p>\n","protected":false},"excerpt":{"rendered":"<p>La Fundaci\u00f3 Gala-Salvador Dal\u00ed i l\u2019associaci\u00f3 Comer\u00e7 Figueres\u00a0han signat un conveni de col\u2022laboraci\u00f3 per difondre el Teatre-Museu Dal\u00ed de Nit i promocionar la ciutat. L&#8217;edici\u00f3 nocturna del museu compr\u00e8n des del 31 de juliol al 31 d&#8217;agost, de les 22 hores fins la 1 de la matinada. L\u2019objectiu \u00e9s la dinamitzaci\u00f3 i promoci\u00f3 del comer\u00e7 [&hellip;]<\/p>\n","protected":false},"featured_media":4496,"menu_order":0,"template":"","format":"standard","meta":{"_acf_changed":false,"_coblocks_attr":"","_coblocks_dimensions":"","_coblocks_responsive_height":"","_coblocks_accordion_ie_support":""},"categoria-actualitat":[79],"class_list":["post-4495","noticia","type-noticia","status-publish","format-standard","has-post-thumbnail","hentry","categoria-actualitat-fundacio-gala-salvador-dali"],"acf":[],"_links":{"self":[{"href":"https:\/\/webdali.latempesta.eu\/ca\/wp-json\/wp\/v2\/noticia\/4495","targetHints":{"allow":["GET"]}}],"collection":[{"href":"https:\/\/webdali.latempesta.eu\/ca\/wp-json\/wp\/v2\/noticia"}],"about":[{"href":"https:\/\/webdali.latempesta.eu\/ca\/wp-json\/wp\/v2\/types\/noticia"}],"wp:featuredmedia":[{"embeddable":true,"href":"https:\/\/webdali.latempesta.eu\/ca\/wp-json\/wp\/v2\/media\/4496"}],"wp:attachment":[{"href":"https:\/\/webdali.latempesta.eu\/ca\/wp-json\/wp\/v2\/media?parent=4495"}],"wp:term":[{"taxonomy":"categoria-actualitat","embeddable":true,"href":"https:\/\/webdali.latempesta.eu\/ca\/wp-json\/wp\/v2\/categoria-actualitat?post=4495"}],"curies":[{"name":"wp","href":"https:\/\/api.w.org\/{rel}","templated":true}]}}