{"id":4500,"date":"2010-08-07T00:00:00","date_gmt":"2010-08-06T22:00:00","guid":{"rendered":"https:\/\/webdali.latempesta.eu\/noticia\/el-dali-tarda-a-atlanta\/"},"modified":"2010-08-07T00:00:00","modified_gmt":"2010-08-06T22:00:00","slug":"el-dali-tarda-a-atlanta","status":"publish","type":"noticia","link":"https:\/\/webdali.latempesta.eu\/ca\/fundacio-dali\/noticia\/el-dali-tarda-a-atlanta\/","title":{"rendered":"El Dal\u00ed tard\u00e0 a Atlanta"},"content":{"rendered":"<p>Des del 7 agost fins al 9 de gener de 2011, el High Museum of Art d\u2019Atlanta acull la que podem considerar primera exposici\u00f3 que se centra en la producci\u00f3 tardana de Salvador Dal\u00ed: els darrers 40 anys de la seva carrera art\u00edstica. Organitzada pel High Museum, hi col\u2022laboren la Fundaci\u00f3 Gala-Salvador Dal\u00ed i el museu Dal\u00ed de Saint Petersburg (Florida).<\/p>\n<p>La Fundaci\u00f3 Dal\u00ed hi presta 5 obres, el llibre <em>The Geometry of Art and Life<\/em> i un manuscrit del llibre <em>50 Secrets of Magic\u00a0Craftsmanship<\/em>. Les obres s\u00f3n <em>50 imatges abstractes que a dos metres es converteixen en tres Lenins disfressats de xin\u00e8s i a sis metres formen el cap d\u2019un tigre<\/em>, i <em>Santa envoltada per tres pimesons<\/em>, Sfumato (<em>Nu femen\u00ed<\/em>), el dibuix S\/T. <em>Crist<\/em> i <em>Estudi preparatori per a Leda At\u00f2mica<\/em>.<\/p>\n<p>La mostra aplega un centenar de peces: m\u00e9s de 40 pintures, pel\u2022l\u00edcules, escultures, joies i fotografies, que exploren l\u2019experimentaci\u00f3 en temes cient\u00edfics, psicol\u00f2gics i religiosos. Una de les obres que s\u2019hi podr\u00e0 veure \u00e9s la fotografia de Philippe Halsman <em>Dal\u00ed Atomicus<\/em> \u2013de l\u2019any 1948, resultat d\u2019un proc\u00e9s creatiu conjunt amb Dal\u00ed, per\u00f2 tamb\u00e9 s\u2019hi exhibiran pintures com <em>Assumpta Corpuscularia Lapislazulina<\/em> (1952, col. particular), l\u2019emblem\u00e0tic <em>Crist de Sant Joan de la Creu<\/em> (1951, procedent de la Glasgow Art Gallery), o <em>Santiago El Grande<\/em> (1957, de la Beaverbrook Art Gallery, Canad\u00e0).<\/p>\n<p>Aquesta exposici\u00f3 confereix a l\u2019obra tardana de Dal\u00ed la seva merescuda reconsideraci\u00f3. Si b\u00e9 tradicionalment s\u2019han establert els anys 20s i 30s com la millor \u00e8poca de l\u2019artista, el High Museum s\u2019ha marcat el repte de desvetllar la segona meitat de la traject\u00f2ria daliniana, la producci\u00f3 posterior a la Segona Guerra Mundial, quan la seva vessant m\u00e9s histri\u00f2nica el va convertir en una celebritat per\u00f2 alhora el va a\u00efllar del m\u00f3n de l\u2019art. Al llarg dels anys 50 i 60, Dal\u00ed crea obres de gran format i complexitat i continua experimentant a partir de l\u2019hiperrealisme cap a noves dimensions de l\u2019art.<\/p>\n","protected":false},"excerpt":{"rendered":"<p>Des del 7 agost fins al 9 de gener de 2011, el High Museum of Art d\u2019Atlanta acull la que podem considerar primera exposici\u00f3 que se centra en la producci\u00f3 tardana de Salvador Dal\u00ed: els darrers 40 anys de la seva carrera art\u00edstica. Organitzada pel High Museum, hi col\u2022laboren la Fundaci\u00f3 Gala-Salvador Dal\u00ed i el [&hellip;]<\/p>\n","protected":false},"featured_media":4501,"menu_order":0,"template":"","format":"standard","meta":{"_acf_changed":false,"_coblocks_attr":"","_coblocks_dimensions":"","_coblocks_responsive_height":"","_coblocks_accordion_ie_support":""},"categoria-actualitat":[78],"class_list":["post-4500","noticia","type-noticia","status-publish","format-standard","has-post-thumbnail","hentry","categoria-actualitat-exposicions"],"acf":[],"_links":{"self":[{"href":"https:\/\/webdali.latempesta.eu\/ca\/wp-json\/wp\/v2\/noticia\/4500","targetHints":{"allow":["GET"]}}],"collection":[{"href":"https:\/\/webdali.latempesta.eu\/ca\/wp-json\/wp\/v2\/noticia"}],"about":[{"href":"https:\/\/webdali.latempesta.eu\/ca\/wp-json\/wp\/v2\/types\/noticia"}],"wp:featuredmedia":[{"embeddable":true,"href":"https:\/\/webdali.latempesta.eu\/ca\/wp-json\/wp\/v2\/media\/4501"}],"wp:attachment":[{"href":"https:\/\/webdali.latempesta.eu\/ca\/wp-json\/wp\/v2\/media?parent=4500"}],"wp:term":[{"taxonomy":"categoria-actualitat","embeddable":true,"href":"https:\/\/webdali.latempesta.eu\/ca\/wp-json\/wp\/v2\/categoria-actualitat?post=4500"}],"curies":[{"name":"wp","href":"https:\/\/api.w.org\/{rel}","templated":true}]}}