{"id":4552,"date":"2011-03-06T00:00:00","date_gmt":"2011-03-05T22:00:00","guid":{"rendered":"https:\/\/webdali.latempesta.eu\/noticia\/visites-familiars-a-figueres-2\/"},"modified":"2025-05-19T12:46:01","modified_gmt":"2025-05-19T10:46:01","slug":"visites-familiars-a-figueres-2","status":"publish","type":"noticia","link":"https:\/\/webdali.latempesta.eu\/ca\/fundacio-dali\/noticia\/visites-familiars-a-figueres-2\/","title":{"rendered":"Visites familiars a Figueres"},"content":{"rendered":"<p>El Servei Educatiu ofereix visites familiars\u00a0al Teatre-Museu Dal\u00ed de Figueres.<\/p>\n<p>Diumenge\u00a06 de\u00a0mar\u00e7 a les <strong>12h del migdia. PLACES DISPONIBLES!<\/strong><\/p>\n<p><strong>Surrealitza&#8217;t amb Disney!<\/strong><\/p>\n<p>Visita guiada pels m\u00f3ns de Dal\u00ed per a tota la fam\u00edlia (edats recomanades, de 3 a 12 anys). Obrint la nostra imaginaci\u00f3 a trav\u00e9s dels jocs visuals, descobrirem de la m\u00e0 de l&#8217;artista Petra Vlasman les realitats i els enigmes en les obres de Salvador Dal\u00ed i el seu museu. Al final de la visita, cada nen elaborar\u00e0 la seva\u00a0obra surrealista.<\/p>\n<p>No us ho perdeu, encara queden places!<\/p>\n<p>\nCost de l&#8217;activitat: 5 \u20ac \/ persona (adults\u00a0i nens)<br \/>\nCost de l&#8217;entrada: 5 \u20ac (a partir de 8 anys)<br \/>\nM\u00e0xim 25-30 persones\/grup<br \/>\nEdats: de 3 a 12 anys aprox.<\/p>\n<p>\nRESERVES\u00a0al 972 677 518 o <a href=\"mailto:difusio(ELIMINAR)@fundaciodali.org\">difusio(ELIMINAR)@fundaciodali.org<\/a><\/p>\n","protected":false},"excerpt":{"rendered":"<p>El Servei Educatiu ofereix visites familiars\u00a0al Teatre-Museu Dal\u00ed de Figueres. Diumenge\u00a06 de\u00a0mar\u00e7 a les 12h del migdia. PLACES DISPONIBLES! Surrealitza&#8217;t amb Disney! Visita guiada pels m\u00f3ns de Dal\u00ed per a tota la fam\u00edlia (edats recomanades, de 3 a 12 anys). Obrint la nostra imaginaci\u00f3 a trav\u00e9s dels jocs visuals, descobrirem de la m\u00e0 de l&#8217;artista [&hellip;]<\/p>\n","protected":false},"featured_media":0,"menu_order":0,"template":"","format":"standard","meta":{"_acf_changed":false,"_coblocks_attr":"","_coblocks_dimensions":"","_coblocks_responsive_height":"","_coblocks_accordion_ie_support":""},"categoria-actualitat":[80],"class_list":["post-4552","noticia","type-noticia","status-publish","format-standard","hentry","categoria-actualitat-museus"],"acf":[],"_links":{"self":[{"href":"https:\/\/webdali.latempesta.eu\/ca\/wp-json\/wp\/v2\/noticia\/4552","targetHints":{"allow":["GET"]}}],"collection":[{"href":"https:\/\/webdali.latempesta.eu\/ca\/wp-json\/wp\/v2\/noticia"}],"about":[{"href":"https:\/\/webdali.latempesta.eu\/ca\/wp-json\/wp\/v2\/types\/noticia"}],"wp:attachment":[{"href":"https:\/\/webdali.latempesta.eu\/ca\/wp-json\/wp\/v2\/media?parent=4552"}],"wp:term":[{"taxonomy":"categoria-actualitat","embeddable":true,"href":"https:\/\/webdali.latempesta.eu\/ca\/wp-json\/wp\/v2\/categoria-actualitat?post=4552"}],"curies":[{"name":"wp","href":"https:\/\/api.w.org\/{rel}","templated":true}]}}