{"id":4621,"date":"2012-06-27T00:00:00","date_gmt":"2012-06-26T22:00:00","guid":{"rendered":"https:\/\/webdali.latempesta.eu\/noticia\/entrada-anticipada-al-teatre-museu-dali-2\/"},"modified":"2025-05-19T12:46:03","modified_gmt":"2025-05-19T10:46:03","slug":"entrada-anticipada-al-teatre-museu-dali-2","status":"publish","type":"noticia","link":"https:\/\/webdali.latempesta.eu\/ca\/fundacio-dali\/noticia\/entrada-anticipada-al-teatre-museu-dali-2\/","title":{"rendered":"Entrada anticipada al Teatre-Museu Dal\u00ed"},"content":{"rendered":"<p>Ja es poden comprar entrades individuals anticipades per visitar el Teatre-Museu Dal\u00ed de Figueres durant els dies compresos entre el 15 de juliol i el 31 d&#8217;agost (inclosos) i tan sols en\u00a0una\u00a0franja hor\u00e0ria determinada,\u00a0entre\u00a0les 17h\u00a0i les 18:30h, a trav\u00e9s del nostre <a href=\"https:\/\/webdali.latempesta.eu\/serveis\/entrades\/\">web <\/a>o dels terminals de &#8220;la Caixa&#8221;<strong>. <\/strong>Amb l&#8217;entrada anticipada, al preu \u00fanic de 12 Euros, entrareu directament per l&#8217;acc\u00e9s habilitat expressament.<\/p>\n<p>Com en anys anteriors, tamb\u00e9 podeu adquirir l&#8217;entrada amb antelaci\u00f3 en l\u00ednia a trav\u00e9s d&#8217;aquest <a href=\"https:\/\/webdali.latempesta.eu\/serveis\/entrades\/\">web<\/a>,\u00a0per a la <a href=\"\/museus\/teatre-museu-dali\/museu-dali-de-nit\/\">visita nocturna<\/a> durant el mes d&#8217;agost (del 28 de juliol a l&#8217;1 de setembre).<\/p>\n","protected":false},"excerpt":{"rendered":"<p>Ja es poden comprar entrades individuals anticipades per visitar el Teatre-Museu Dal\u00ed de Figueres durant els dies compresos entre el 15 de juliol i el 31 d&#8217;agost (inclosos) i tan sols en\u00a0una\u00a0franja hor\u00e0ria determinada,\u00a0entre\u00a0les 17h\u00a0i les 18:30h, a trav\u00e9s del nostre web o dels terminals de &#8220;la Caixa&#8221;. Amb l&#8217;entrada anticipada, al preu \u00fanic de [&hellip;]<\/p>\n","protected":false},"featured_media":4622,"menu_order":0,"template":"","format":"standard","meta":{"_acf_changed":false,"_coblocks_attr":"","_coblocks_dimensions":"","_coblocks_responsive_height":"","_coblocks_accordion_ie_support":""},"categoria-actualitat":[80],"class_list":["post-4621","noticia","type-noticia","status-publish","format-standard","has-post-thumbnail","hentry","categoria-actualitat-museus"],"acf":[],"_links":{"self":[{"href":"https:\/\/webdali.latempesta.eu\/ca\/wp-json\/wp\/v2\/noticia\/4621","targetHints":{"allow":["GET"]}}],"collection":[{"href":"https:\/\/webdali.latempesta.eu\/ca\/wp-json\/wp\/v2\/noticia"}],"about":[{"href":"https:\/\/webdali.latempesta.eu\/ca\/wp-json\/wp\/v2\/types\/noticia"}],"wp:featuredmedia":[{"embeddable":true,"href":"https:\/\/webdali.latempesta.eu\/ca\/wp-json\/wp\/v2\/media\/4622"}],"wp:attachment":[{"href":"https:\/\/webdali.latempesta.eu\/ca\/wp-json\/wp\/v2\/media?parent=4621"}],"wp:term":[{"taxonomy":"categoria-actualitat","embeddable":true,"href":"https:\/\/webdali.latempesta.eu\/ca\/wp-json\/wp\/v2\/categoria-actualitat?post=4621"}],"curies":[{"name":"wp","href":"https:\/\/api.w.org\/{rel}","templated":true}]}}