{"id":4631,"date":"2011-08-31T00:00:00","date_gmt":"2011-08-30T22:00:00","guid":{"rendered":"https:\/\/webdali.latempesta.eu\/noticia\/ultima-nit-al-teatre-museu-dali\/"},"modified":"2011-08-31T00:00:00","modified_gmt":"2011-08-30T22:00:00","slug":"ultima-nit-al-teatre-museu-dali","status":"publish","type":"noticia","link":"https:\/\/webdali.latempesta.eu\/ca\/fundacio-dali\/noticia\/ultima-nit-al-teatre-museu-dali\/","title":{"rendered":"\u00daltima NIT al Teatre-Museu Dal\u00ed"},"content":{"rendered":"<p>Dimecres 31 d&#8217;agost \u00e9s l&#8217;\u00fatlima nit que es pot visitar el Teatre-Museu Dal\u00ed en horari nocturn.<\/p>\n<p>Les entrades\u00a0per a la visita nocturna es poden adquirir a trav\u00e9s d&#8217;aquest <a href=\"https:\/\/webdali.latempesta.eu\/serveis\/entrades\/\">web <\/a>o b\u00e9 a la taquilla el mateix dia. Cal tenir en compte que, de nits, la visita es limita a 500 persones. L&#8217;horari nocturn \u00e9s\u00a0de les 10 de la nit i fins a la una de la matinada (la porta d&#8217;entrada tanca a dos quarts d&#8217;una de la matinada o quan s&#8217;han esgotat les 500 entrades).<\/p>\n<p>Per a m\u00e9s informacio sobre l&#8217;edici\u00f3 nocturna, visiteu aquest <a href=\"\/museus\/teatre-museu-dali\/museu-dali-de-nit\/\">enlla\u00e7<\/a>.<\/p>\n<p><a href=\"https:\/\/www.youtube.com\/watch?v=eTTbK8_ZkpA&amp;feature=player_embedded#!\">V\u00eddeo<\/a> dels Museus Dal\u00ed a l&#8217;estiu.<\/p>\n","protected":false},"excerpt":{"rendered":"<p>Dimecres 31 d&#8217;agost \u00e9s l&#8217;\u00fatlima nit que es pot visitar el Teatre-Museu Dal\u00ed en horari nocturn. Les entrades\u00a0per a la visita nocturna es poden adquirir a trav\u00e9s d&#8217;aquest web o b\u00e9 a la taquilla el mateix dia. Cal tenir en compte que, de nits, la visita es limita a 500 persones. L&#8217;horari nocturn \u00e9s\u00a0de les [&hellip;]<\/p>\n","protected":false},"featured_media":4632,"menu_order":0,"template":"","format":"standard","meta":{"_acf_changed":false,"_coblocks_attr":"","_coblocks_dimensions":"","_coblocks_responsive_height":"","_coblocks_accordion_ie_support":""},"categoria-actualitat":[80],"class_list":["post-4631","noticia","type-noticia","status-publish","format-standard","has-post-thumbnail","hentry","categoria-actualitat-museus"],"acf":[],"_links":{"self":[{"href":"https:\/\/webdali.latempesta.eu\/ca\/wp-json\/wp\/v2\/noticia\/4631","targetHints":{"allow":["GET"]}}],"collection":[{"href":"https:\/\/webdali.latempesta.eu\/ca\/wp-json\/wp\/v2\/noticia"}],"about":[{"href":"https:\/\/webdali.latempesta.eu\/ca\/wp-json\/wp\/v2\/types\/noticia"}],"wp:featuredmedia":[{"embeddable":true,"href":"https:\/\/webdali.latempesta.eu\/ca\/wp-json\/wp\/v2\/media\/4632"}],"wp:attachment":[{"href":"https:\/\/webdali.latempesta.eu\/ca\/wp-json\/wp\/v2\/media?parent=4631"}],"wp:term":[{"taxonomy":"categoria-actualitat","embeddable":true,"href":"https:\/\/webdali.latempesta.eu\/ca\/wp-json\/wp\/v2\/categoria-actualitat?post=4631"}],"curies":[{"name":"wp","href":"https:\/\/api.w.org\/{rel}","templated":true}]}}