{"id":4661,"date":"2012-02-18T00:00:00","date_gmt":"2012-02-17T22:00:00","guid":{"rendered":"https:\/\/webdali.latempesta.eu\/noticia\/visita-familiar-carnaval-al-museu\/"},"modified":"2012-02-18T00:00:00","modified_gmt":"2012-02-17T22:00:00","slug":"visita-familiar-carnaval-al-museu","status":"publish","type":"noticia","link":"https:\/\/webdali.latempesta.eu\/ca\/fundacio-dali\/noticia\/visita-familiar-carnaval-al-museu\/","title":{"rendered":"Visita familiar: Carnaval al Museu"},"content":{"rendered":"<div>\n<p>Taller i visita al museu. 1h30\u2019<\/p>\n<p>\u00a0Us heu fixat mai que el museu Dal\u00ed est\u00e0 ple de disfresses, barrets de calaixos, corones de rei, m\u00e0scares, escultures maquillades i, fins i tot, hi ha un vestit de bus amb escafandre ? Com tant li agradava fer a Salvador Dal\u00ed, ens caldr\u00e0 transformar la nostra imatge abans d\u2019entrar al museu per submergir-nos de ple en el seu m\u00f3n surrealista i m\u00e0gic.<\/p>\n<\/div>\n<div>Dissabte 18 i diumenge 26 de febrer 12 h.<\/div>\n<div>\n<div style=\"text-align: justify; margin: 0cm 0cm 10pt\">\n<p>Places limitades<\/p>\n<p>Cost de l&#8217;activitat: 5 \u20ac \/ persona (adults i nens)<\/p>\n<p>Cost de l&#8217;entrada: 5 \u20ac (a partir de 8 anys)<br \/>\nAmics dels Museu Dal\u00ed: 5\u20ac \/ persona (adults i nens)<\/p>\n<p>M\u00e0xim 25-30 persones\/grup<br \/>\nEdats: de 3 a 12 anys aprox.<\/p>\n<p>RESERVES al 972 677 518 o <a href=\"mailto:difusio(ELIMINAR)@fundaciodali.org\">difusio(ELIMINAR)@fundaciodali.org<\/a><\/p>\n<\/div>\n<\/div>\n","protected":false},"excerpt":{"rendered":"<p>Taller i visita al museu. 1h30\u2019 \u00a0Us heu fixat mai que el museu Dal\u00ed est\u00e0 ple de disfresses, barrets de calaixos, corones de rei, m\u00e0scares, escultures maquillades i, fins i tot, hi ha un vestit de bus amb escafandre ? Com tant li agradava fer a Salvador Dal\u00ed, ens caldr\u00e0 transformar la nostra imatge abans [&hellip;]<\/p>\n","protected":false},"featured_media":4662,"menu_order":0,"template":"","format":"standard","meta":{"_acf_changed":false,"_coblocks_attr":"","_coblocks_dimensions":"","_coblocks_responsive_height":"","_coblocks_accordion_ie_support":""},"categoria-actualitat":[77,80],"class_list":["post-4661","noticia","type-noticia","status-publish","format-standard","has-post-thumbnail","hentry","categoria-actualitat-activitats","categoria-actualitat-museus"],"acf":[],"_links":{"self":[{"href":"https:\/\/webdali.latempesta.eu\/ca\/wp-json\/wp\/v2\/noticia\/4661","targetHints":{"allow":["GET"]}}],"collection":[{"href":"https:\/\/webdali.latempesta.eu\/ca\/wp-json\/wp\/v2\/noticia"}],"about":[{"href":"https:\/\/webdali.latempesta.eu\/ca\/wp-json\/wp\/v2\/types\/noticia"}],"wp:featuredmedia":[{"embeddable":true,"href":"https:\/\/webdali.latempesta.eu\/ca\/wp-json\/wp\/v2\/media\/4662"}],"wp:attachment":[{"href":"https:\/\/webdali.latempesta.eu\/ca\/wp-json\/wp\/v2\/media?parent=4661"}],"wp:term":[{"taxonomy":"categoria-actualitat","embeddable":true,"href":"https:\/\/webdali.latempesta.eu\/ca\/wp-json\/wp\/v2\/categoria-actualitat?post=4661"}],"curies":[{"name":"wp","href":"https:\/\/api.w.org\/{rel}","templated":true}]}}