{"id":4686,"date":"2012-03-27T00:00:00","date_gmt":"2012-03-26T22:00:00","guid":{"rendered":"https:\/\/webdali.latempesta.eu\/noticia\/es-presenta-la-memoria-2011\/"},"modified":"2012-03-27T00:00:00","modified_gmt":"2012-03-26T22:00:00","slug":"es-presenta-la-memoria-2011","status":"publish","type":"noticia","link":"https:\/\/webdali.latempesta.eu\/ca\/fundacio-dali\/noticia\/es-presenta-la-memoria-2011\/","title":{"rendered":"Es presenta la Mem\u00f2ria 2011"},"content":{"rendered":"<p>La Fundaci\u00f3 Gala-Salvador Dal\u00ed ha presentat a la sala de confer\u00e8ncies del nou edifici d&#8217;oficines, davant de Torre Galatea (Figueres), la Mem\u00f2ria Anual d&#8217;Activitats i Econ\u00f2mica corresponent a l&#8217;exercici 2011, despr\u00e9s que es reun\u00eds el Patronat en sessi\u00f3 ordin\u00e0ria. La presentaci\u00f3 de l&#8217;informe ha anat a c\u00e0rrec de Montse Aguer, directora del Centre d&#8217;Estudis Dalinians, Llu\u00eds Pe\u00f1uelas, secretari general, i Joan Manuel Sevillano, gerent.<\/p>\n<p>Aqu\u00ed podeu consultar la <a href=\"\/media\/upload\/arxius\/memories\/Memoria2011CATesp.pdf\">Mem\u00f2ria 2011<\/a> en catal\u00e0\/castell\u00e0.<\/p>\n","protected":false},"excerpt":{"rendered":"<p>La Fundaci\u00f3 Gala-Salvador Dal\u00ed ha presentat a la sala de confer\u00e8ncies del nou edifici d&#8217;oficines, davant de Torre Galatea (Figueres), la Mem\u00f2ria Anual d&#8217;Activitats i Econ\u00f2mica corresponent a l&#8217;exercici 2011, despr\u00e9s que es reun\u00eds el Patronat en sessi\u00f3 ordin\u00e0ria. La presentaci\u00f3 de l&#8217;informe ha anat a c\u00e0rrec de Montse Aguer, directora del Centre d&#8217;Estudis Dalinians, [&hellip;]<\/p>\n","protected":false},"featured_media":4687,"menu_order":0,"template":"","format":"standard","meta":{"_acf_changed":false,"_coblocks_attr":"","_coblocks_dimensions":"","_coblocks_responsive_height":"","_coblocks_accordion_ie_support":""},"categoria-actualitat":[79,81],"class_list":["post-4686","noticia","type-noticia","status-publish","format-standard","has-post-thumbnail","hentry","categoria-actualitat-fundacio-gala-salvador-dali","categoria-actualitat-publicacions"],"acf":[],"_links":{"self":[{"href":"https:\/\/webdali.latempesta.eu\/ca\/wp-json\/wp\/v2\/noticia\/4686","targetHints":{"allow":["GET"]}}],"collection":[{"href":"https:\/\/webdali.latempesta.eu\/ca\/wp-json\/wp\/v2\/noticia"}],"about":[{"href":"https:\/\/webdali.latempesta.eu\/ca\/wp-json\/wp\/v2\/types\/noticia"}],"wp:featuredmedia":[{"embeddable":true,"href":"https:\/\/webdali.latempesta.eu\/ca\/wp-json\/wp\/v2\/media\/4687"}],"wp:attachment":[{"href":"https:\/\/webdali.latempesta.eu\/ca\/wp-json\/wp\/v2\/media?parent=4686"}],"wp:term":[{"taxonomy":"categoria-actualitat","embeddable":true,"href":"https:\/\/webdali.latempesta.eu\/ca\/wp-json\/wp\/v2\/categoria-actualitat?post=4686"}],"curies":[{"name":"wp","href":"https:\/\/api.w.org\/{rel}","templated":true}]}}