{"id":4711,"date":"2012-07-02T00:00:00","date_gmt":"2012-07-01T22:00:00","guid":{"rendered":"https:\/\/webdali.latempesta.eu\/noticia\/reconeixement-de-comerc-de-figueres-a-ramon-boixados\/"},"modified":"2012-07-02T00:00:00","modified_gmt":"2012-07-01T22:00:00","slug":"reconeixement-de-comerc-de-figueres-a-ramon-boixados","status":"publish","type":"noticia","link":"https:\/\/webdali.latempesta.eu\/ca\/fundacio-dali\/noticia\/reconeixement-de-comerc-de-figueres-a-ramon-boixados\/","title":{"rendered":"Reconeixement de Comer\u00e7 de Figueres a Ramon Boixad\u00f3s"},"content":{"rendered":"<p>Ramon Boixad\u00f3s, president de la Fundaci\u00f3 Gala-Salvador Dal\u00ed, ha estat nomenat Associat d&#8217;Honor per Comer\u00e7 de Figueres. L&#8217;acte s&#8217;ha celebrat a l&#8217;Ajuntament de Figueres amb la participaci\u00f3 del president de l&#8217;associaci\u00f3 de comerciants, Jordi Rotllan, i l&#8217;alcalde de Figueres, Santi Vila.<\/p>\n","protected":false},"excerpt":{"rendered":"<p>Ramon Boixad\u00f3s, president de la Fundaci\u00f3 Gala-Salvador Dal\u00ed, ha estat nomenat Associat d&#8217;Honor per Comer\u00e7 de Figueres. L&#8217;acte s&#8217;ha celebrat a l&#8217;Ajuntament de Figueres amb la participaci\u00f3 del president de l&#8217;associaci\u00f3 de comerciants, Jordi Rotllan, i l&#8217;alcalde de Figueres, Santi Vila.<\/p>\n","protected":false},"featured_media":4712,"menu_order":0,"template":"","format":"standard","meta":{"_acf_changed":false,"_coblocks_attr":"","_coblocks_dimensions":"","_coblocks_responsive_height":"","_coblocks_accordion_ie_support":""},"categoria-actualitat":[79],"class_list":["post-4711","noticia","type-noticia","status-publish","format-standard","has-post-thumbnail","hentry","categoria-actualitat-fundacio-gala-salvador-dali"],"acf":[],"_links":{"self":[{"href":"https:\/\/webdali.latempesta.eu\/ca\/wp-json\/wp\/v2\/noticia\/4711","targetHints":{"allow":["GET"]}}],"collection":[{"href":"https:\/\/webdali.latempesta.eu\/ca\/wp-json\/wp\/v2\/noticia"}],"about":[{"href":"https:\/\/webdali.latempesta.eu\/ca\/wp-json\/wp\/v2\/types\/noticia"}],"wp:featuredmedia":[{"embeddable":true,"href":"https:\/\/webdali.latempesta.eu\/ca\/wp-json\/wp\/v2\/media\/4712"}],"wp:attachment":[{"href":"https:\/\/webdali.latempesta.eu\/ca\/wp-json\/wp\/v2\/media?parent=4711"}],"wp:term":[{"taxonomy":"categoria-actualitat","embeddable":true,"href":"https:\/\/webdali.latempesta.eu\/ca\/wp-json\/wp\/v2\/categoria-actualitat?post=4711"}],"curies":[{"name":"wp","href":"https:\/\/api.w.org\/{rel}","templated":true}]}}