{"id":4766,"date":"2013-04-18T00:00:00","date_gmt":"2013-04-17T22:00:00","guid":{"rendered":"https:\/\/webdali.latempesta.eu\/noticia\/horari-especial-de-setmana-santa-3\/"},"modified":"2025-05-19T12:46:03","modified_gmt":"2025-05-19T10:46:03","slug":"horari-especial-de-setmana-santa-3","status":"publish","type":"noticia","link":"https:\/\/webdali.latempesta.eu\/ca\/fundacio-dali\/noticia\/horari-especial-de-setmana-santa-3\/","title":{"rendered":"Horari especial de Setmana Santa"},"content":{"rendered":"<p>Horari especial dels Museus Dal\u00ed per Setmana Santa:<\/p>\n<p>El Teatre-Museu Dal\u00ed de <strong>FIGUERES <\/strong>obre excepcionalment els dilluns 18 i 25 de mar\u00e7 i l&#8217;1 d&#8217;abril. L&#8217;horari \u00e9s de 9:30 del mat\u00ed a 18h. L&#8217;\u00faltim acc\u00e9s \u00e9s a les 17:15h. El Divendres Sant, Dissabte i Diumenge de Pasqua l&#8217;horari d&#8217;obertura \u00e9s tamb\u00e9 especial: de les 9 del mat\u00ed a les 20h. L&#8217;\u00faltim acc\u00e9s \u00e9s a les 19:15h.<\/p>\n<p>La casa-museu Salvador Dal\u00ed de <strong>PORTLLIGAT <\/strong>obre excepcionalment els dilluns 25 de mar\u00e7 i 1 d&#8217;abril. El dilluns 18 de mar\u00e7 ser\u00e0 tancat. L&#8217;horari \u00e9s de 10:30 a 18h, l&#8217;\u00faltim acc\u00e9s \u00e9s a les 17:10h.<\/p>\n<p>El Castell Gala Dal\u00ed de <strong>P\u00daBOL <\/strong>obrir\u00e0 de nou les seves portes aquesta temporada el divendres 15 de mar\u00e7. Durant la Setmana Santa, obrir\u00e0 excepcionalment els dilluns 25 de mar\u00e7 i 1 d&#8217;abril. El dilluns 18 de mar\u00e7 ser\u00e0 tancat. L&#8217;horari \u00e9s de 10h a 18h, l&#8217;\u00faltim acc\u00e9s \u00e9s a les 17:15h.<\/p>\n<p><strong>Al Castell de P\u00fabol<\/strong> s&#8217;ofereixen visites comentades de forma gratu\u00efta el divendres 29 i dissabte 30 de mar\u00e7 en els horaris seg\u00fcents:<\/p>\n<p>&#8211; CATAL\u00c0 a les 11:30h i 13h<\/p>\n<p>&#8211; CASTELL\u00c0 a les 10:30h i 15:30h<\/p>\n<p>S&#8217;admeten 20 persones a cada sessi\u00f3.<\/p>\n","protected":false},"excerpt":{"rendered":"<p>Horari especial dels Museus Dal\u00ed per Setmana Santa: El Teatre-Museu Dal\u00ed de FIGUERES obre excepcionalment els dilluns 18 i 25 de mar\u00e7 i l&#8217;1 d&#8217;abril. L&#8217;horari \u00e9s de 9:30 del mat\u00ed a 18h. L&#8217;\u00faltim acc\u00e9s \u00e9s a les 17:15h. El Divendres Sant, Dissabte i Diumenge de Pasqua l&#8217;horari d&#8217;obertura \u00e9s tamb\u00e9 especial: de les 9 [&hellip;]<\/p>\n","protected":false},"featured_media":4767,"menu_order":0,"template":"","format":"standard","meta":{"_acf_changed":false,"_coblocks_attr":"","_coblocks_dimensions":"","_coblocks_responsive_height":"","_coblocks_accordion_ie_support":""},"categoria-actualitat":[80],"class_list":["post-4766","noticia","type-noticia","status-publish","format-standard","has-post-thumbnail","hentry","categoria-actualitat-museus"],"acf":[],"_links":{"self":[{"href":"https:\/\/webdali.latempesta.eu\/ca\/wp-json\/wp\/v2\/noticia\/4766","targetHints":{"allow":["GET"]}}],"collection":[{"href":"https:\/\/webdali.latempesta.eu\/ca\/wp-json\/wp\/v2\/noticia"}],"about":[{"href":"https:\/\/webdali.latempesta.eu\/ca\/wp-json\/wp\/v2\/types\/noticia"}],"wp:featuredmedia":[{"embeddable":true,"href":"https:\/\/webdali.latempesta.eu\/ca\/wp-json\/wp\/v2\/media\/4767"}],"wp:attachment":[{"href":"https:\/\/webdali.latempesta.eu\/ca\/wp-json\/wp\/v2\/media?parent=4766"}],"wp:term":[{"taxonomy":"categoria-actualitat","embeddable":true,"href":"https:\/\/webdali.latempesta.eu\/ca\/wp-json\/wp\/v2\/categoria-actualitat?post=4766"}],"curies":[{"name":"wp","href":"https:\/\/api.w.org\/{rel}","templated":true}]}}