{"id":4786,"date":"2013-09-03T00:00:00","date_gmt":"2013-09-02T22:00:00","guid":{"rendered":"https:\/\/webdali.latempesta.eu\/noticia\/clausurada-amb-exit-lantologica-de-dali-a-madrid\/"},"modified":"2025-05-19T12:46:04","modified_gmt":"2025-05-19T10:46:04","slug":"clausurada-amb-exit-l-antologica-de-dali-a-madrid","status":"publish","type":"noticia","link":"https:\/\/webdali.latempesta.eu\/ca\/fundacio-dali\/noticia\/clausurada-amb-exit-l-antologica-de-dali-a-madrid\/","title":{"rendered":"Clausurada amb \u00e8xit l&#8217;antol\u00f2gica de Dal\u00ed a Madrid"},"content":{"rendered":"<p>El dia 2 de setembre va ser l\u2019\u00faltim dia de la gran retrospectiva titulada <em>Dal\u00ed. Todas las sugestiones po\u00e9ticas y todas las posibilidades pl\u00e1sticas<\/em> que s\u2019ha pogut veure al Museo Nacional Centro de Arte Reina Sof\u00eda de Madrid des del 27 d\u2019abril i que ha rebut m\u00e9s de 732.000 visitants. L\u2019exposici\u00f3 provenia del Centre Pompidou de Par\u00eds on la van visitar 790.090 persones. Esdev\u00e9, aix\u00ed, una de les mostres temporals m\u00e9s visitades del centre franc\u00e8s despr\u00e9s de la que va protagonitzar el mateix Dal\u00ed en vida i \u00e9s, aix\u00ed mateix, l\u2019exposici\u00f3 m\u00e9s vista a la capital espanyola de tots els temps.<\/p>\n<p>La Fundaci\u00f3 Dal\u00ed ha valorat molt positivament l\u2019acollida que ha rebut la mostra, que no tan sols ha arribat a p\u00fablic especialitzat sin\u00f3 tamb\u00e9 a persones de totes les generacions i nacionalitats. La instituci\u00f3 ha aprofitat aquesta ocasi\u00f3 per mostrar al p\u00fablic l\u2019artista en la seva faceta m\u00e9s global i pluridisciplinar, oferint al visitant l\u2019oportunitat de con\u00e8ixer m\u00e9s a fons la creaci\u00f3 daliniana, els seus llenguatges, les seves inspiracions i obsessions.<\/p>\n<p>Els mitjans de comunicaci\u00f3 se n\u2019han fet molt ress\u00f2 des del primer dia. S\u2019han em\u00e8s documentals espec\u00edfics de la figura i l\u2019obra de Salvador Dal\u00ed i la cr\u00edtica especialitzada l\u2019ha valorada molt positivament.<\/p>\n","protected":false},"excerpt":{"rendered":"<p>El dia 2 de setembre va ser l\u2019\u00faltim dia de la gran retrospectiva titulada Dal\u00ed. Todas las sugestiones po\u00e9ticas y todas las posibilidades pl\u00e1sticas que s\u2019ha pogut veure al Museo Nacional Centro de Arte Reina Sof\u00eda de Madrid des del 27 d\u2019abril i que ha rebut m\u00e9s de 732.000 visitants. L\u2019exposici\u00f3 provenia del Centre Pompidou [&hellip;]<\/p>\n","protected":false},"featured_media":4787,"menu_order":0,"template":"","format":"standard","meta":{"_acf_changed":false,"_coblocks_attr":"","_coblocks_dimensions":"","_coblocks_responsive_height":"","_coblocks_accordion_ie_support":""},"categoria-actualitat":[78],"class_list":["post-4786","noticia","type-noticia","status-publish","format-standard","has-post-thumbnail","hentry","categoria-actualitat-exposicions"],"acf":[],"_links":{"self":[{"href":"https:\/\/webdali.latempesta.eu\/ca\/wp-json\/wp\/v2\/noticia\/4786","targetHints":{"allow":["GET"]}}],"collection":[{"href":"https:\/\/webdali.latempesta.eu\/ca\/wp-json\/wp\/v2\/noticia"}],"about":[{"href":"https:\/\/webdali.latempesta.eu\/ca\/wp-json\/wp\/v2\/types\/noticia"}],"wp:featuredmedia":[{"embeddable":true,"href":"https:\/\/webdali.latempesta.eu\/ca\/wp-json\/wp\/v2\/media\/4787"}],"wp:attachment":[{"href":"https:\/\/webdali.latempesta.eu\/ca\/wp-json\/wp\/v2\/media?parent=4786"}],"wp:term":[{"taxonomy":"categoria-actualitat","embeddable":true,"href":"https:\/\/webdali.latempesta.eu\/ca\/wp-json\/wp\/v2\/categoria-actualitat?post=4786"}],"curies":[{"name":"wp","href":"https:\/\/api.w.org\/{rel}","templated":true}]}}