{"id":4806,"date":"2013-07-15T00:00:00","date_gmt":"2013-07-14T22:00:00","guid":{"rendered":"https:\/\/webdali.latempesta.eu\/noticia\/estiu-surrealista\/"},"modified":"2013-07-15T00:00:00","modified_gmt":"2013-07-14T22:00:00","slug":"estiu-surrealista","status":"publish","type":"noticia","link":"https:\/\/webdali.latempesta.eu\/ca\/fundacio-dali\/noticia\/estiu-surrealista\/","title":{"rendered":"Estiu Surrealista"},"content":{"rendered":"<p>Et proposem una setmana surrealista<strong>,<\/strong> amb\u00a0tallers i activitats diferents cada dia. Cal que tinguis entre 6 i 12 anys i, sobretot, molta imaginaci\u00f3 i ganes de passar-t&#8217;ho b\u00e9! Estamparem samarretes, farem joies i altres obres surrealistes; descobrirem cada dia un trosset del Museu i tamb\u00e9 passejarem per la ciutat de Dal\u00ed i, a trav\u00e9s de la c\u00e0mera fotogr\u00e1fica, registrarem, capgirarem, i surrealitzarem la realitat!<\/p>\n<p><strong>Setmana surrealista:<\/strong><\/p>\n<p><strong>\u00a0<\/strong><\/p>\n<p>Del 15 al 19 de juliol 2013<\/p>\n<p>Matins, de 9 a 14 h<\/p>\n<p>Edats: 6 a 12 anys<\/p>\n<p><strong>\u00a0<\/strong><\/p>\n<p><strong>Tarifes:<\/strong><\/p>\n<p>1 dia solt: 25 Euros \/ 22,5 Euros pels Amics dels Museus Dal\u00ed<\/p>\n<p>1 setmana: 100 Euros\/ 90 Euros pels Amics dels Museus<\/p>\n<p><strong>\u00a0<\/strong><\/p>\n<p>Per a m\u00e9s informaci\u00f3 i inscripcions: Servei Educatiu de la Fundaci\u00f3 Dal\u00ed <a href=\"mailto:difusio(ELIMINAR)@fundaciodali.org\">difusio(ELIMINAR)@fundaciodali.org<\/a><\/p>\n<p>Tel: 972 67 75 18<\/p>\n<p><strong>\u00a0<\/strong><\/p>\n<p><strong>Places limitades.<\/strong><\/p>\n","protected":false},"excerpt":{"rendered":"<p>Et proposem una setmana surrealista, amb\u00a0tallers i activitats diferents cada dia. Cal que tinguis entre 6 i 12 anys i, sobretot, molta imaginaci\u00f3 i ganes de passar-t&#8217;ho b\u00e9! Estamparem samarretes, farem joies i altres obres surrealistes; descobrirem cada dia un trosset del Museu i tamb\u00e9 passejarem per la ciutat de Dal\u00ed i, a trav\u00e9s de [&hellip;]<\/p>\n","protected":false},"featured_media":4807,"menu_order":0,"template":"","format":"standard","meta":{"_acf_changed":false,"_coblocks_attr":"","_coblocks_dimensions":"","_coblocks_responsive_height":"","_coblocks_accordion_ie_support":""},"categoria-actualitat":[77,80],"class_list":["post-4806","noticia","type-noticia","status-publish","format-standard","has-post-thumbnail","hentry","categoria-actualitat-activitats","categoria-actualitat-museus"],"acf":[],"_links":{"self":[{"href":"https:\/\/webdali.latempesta.eu\/ca\/wp-json\/wp\/v2\/noticia\/4806","targetHints":{"allow":["GET"]}}],"collection":[{"href":"https:\/\/webdali.latempesta.eu\/ca\/wp-json\/wp\/v2\/noticia"}],"about":[{"href":"https:\/\/webdali.latempesta.eu\/ca\/wp-json\/wp\/v2\/types\/noticia"}],"wp:featuredmedia":[{"embeddable":true,"href":"https:\/\/webdali.latempesta.eu\/ca\/wp-json\/wp\/v2\/media\/4807"}],"wp:attachment":[{"href":"https:\/\/webdali.latempesta.eu\/ca\/wp-json\/wp\/v2\/media?parent=4806"}],"wp:term":[{"taxonomy":"categoria-actualitat","embeddable":true,"href":"https:\/\/webdali.latempesta.eu\/ca\/wp-json\/wp\/v2\/categoria-actualitat?post=4806"}],"curies":[{"name":"wp","href":"https:\/\/api.w.org\/{rel}","templated":true}]}}