{"id":4831,"date":"2013-08-30T00:00:00","date_gmt":"2013-08-29T22:00:00","guid":{"rendered":"https:\/\/webdali.latempesta.eu\/noticia\/acustiqueta-al-teatre-museu-dali\/"},"modified":"2013-08-30T00:00:00","modified_gmt":"2013-08-29T22:00:00","slug":"acustiqueta-al-teatre-museu-dali","status":"publish","type":"noticia","link":"https:\/\/webdali.latempesta.eu\/ca\/fundacio-dali\/noticia\/acustiqueta-al-teatre-museu-dali\/","title":{"rendered":"Acustiqueta al Teatre-Museu Dal\u00ed"},"content":{"rendered":"<p>Amb motiu de la programaci\u00f3 infantil que organitza el Festival Ac\u00fastica, en la que col\u2022laboren els museus de Figueres, el Teatre-Museu Dal\u00ed fa una proposta did\u00e0ctica en format visita-taller familiar relacionada amb les refer\u00e8ncies musicals que es troben a l\u2019obra de l\u2019artista.<\/p>\n<p>\u00a0<\/p>\n<p>La fitxa de l&#8217;activitat \u00e9s la seg\u00fcent:<\/p>\n<p>\u00a0<\/p>\n<p>T\u00edtol: <strong>FLORS QUE CANTEN<\/strong><\/p>\n<p>\nFormat: Visita-taller familiar<\/p>\n<p>\nLloc: Teatre-Museu Dal\u00ed de Figueres<\/p>\n<p>\nDies 30 i 31 d\u2019agost de 2013, dues sessions di\u00e0ries, a les 16h i a les 18h<\/p>\n<p>\nDurada del taller: 1h45\u2019<\/p>\n<p>\nEdats recomanades: de 5 a 12 anys<\/p>\n<p>\nPreus:<br \/>\n-entrada al museu: gratu\u00efta fins a 8 anys, 5 \u20ac a partir de 9 anys<br \/>\nGratu\u00efta per als Amics dels Museus Dal\u00ed.<br \/>\n-activitat: 5 \u20ac\/persona (nens i adults)<\/p>\n<p>\nTots els nens han d\u2019anar acompanyats per 1 adult com a m\u00ednim<br \/>\n\u00a0<\/p>\n<p>Places limitades (25 persones\/sessi\u00f3)<br \/>\n\u00a0<\/p>\n<p>Proposta: es fa un breu recorregut al Teatre-Museu acompanyats per guies del Servei Educatiu que mostren aspectes relacionats amb la m\u00fasica. A continuaci\u00f3 es convida els participants al taller inspirat en l\u2019obra<em> Lilium musicum<\/em>.<br \/>\n\u00a0<\/p>\n<p>Reserves (a partir del 19 d\u2019agost): difusio@fundaciodali.org i tel\u00e8fons 972 67 75 18\/972 677 505<\/p>\n","protected":false},"excerpt":{"rendered":"<p>Amb motiu de la programaci\u00f3 infantil que organitza el Festival Ac\u00fastica, en la que col\u2022laboren els museus de Figueres, el Teatre-Museu Dal\u00ed fa una proposta did\u00e0ctica en format visita-taller familiar relacionada amb les refer\u00e8ncies musicals que es troben a l\u2019obra de l\u2019artista. \u00a0 La fitxa de l&#8217;activitat \u00e9s la seg\u00fcent: \u00a0 T\u00edtol: FLORS QUE CANTEN [&hellip;]<\/p>\n","protected":false},"featured_media":4832,"menu_order":0,"template":"","format":"standard","meta":{"_acf_changed":false,"_coblocks_attr":"","_coblocks_dimensions":"","_coblocks_responsive_height":"","_coblocks_accordion_ie_support":""},"categoria-actualitat":[],"class_list":["post-4831","noticia","type-noticia","status-publish","format-standard","has-post-thumbnail","hentry"],"acf":[],"_links":{"self":[{"href":"https:\/\/webdali.latempesta.eu\/ca\/wp-json\/wp\/v2\/noticia\/4831","targetHints":{"allow":["GET"]}}],"collection":[{"href":"https:\/\/webdali.latempesta.eu\/ca\/wp-json\/wp\/v2\/noticia"}],"about":[{"href":"https:\/\/webdali.latempesta.eu\/ca\/wp-json\/wp\/v2\/types\/noticia"}],"wp:featuredmedia":[{"embeddable":true,"href":"https:\/\/webdali.latempesta.eu\/ca\/wp-json\/wp\/v2\/media\/4832"}],"wp:attachment":[{"href":"https:\/\/webdali.latempesta.eu\/ca\/wp-json\/wp\/v2\/media?parent=4831"}],"wp:term":[{"taxonomy":"categoria-actualitat","embeddable":true,"href":"https:\/\/webdali.latempesta.eu\/ca\/wp-json\/wp\/v2\/categoria-actualitat?post=4831"}],"curies":[{"name":"wp","href":"https:\/\/api.w.org\/{rel}","templated":true}]}}