{"id":4866,"date":"2014-01-16T00:00:00","date_gmt":"2014-01-15T22:00:00","guid":{"rendered":"https:\/\/webdali.latempesta.eu\/noticia\/apadrinament-de-lescola-salvador-dali-de-figueres\/"},"modified":"2025-05-19T12:46:04","modified_gmt":"2025-05-19T10:46:04","slug":"apadrinament-de-l-escola-salvador-dali-de-figueres","status":"publish","type":"noticia","link":"https:\/\/webdali.latempesta.eu\/ca\/fundacio-dali\/noticia\/apadrinament-de-l-escola-salvador-dali-de-figueres\/","title":{"rendered":"Apadrinament de l&#8217;escola Salvador Dal\u00ed de Figueres"},"content":{"rendered":"<p>El secretari general de la Fundaci\u00f3 Dal\u00ed, Llu\u00eds Pe\u00f1uelas i, en nom de l\u2019escola, la seva directora, Maria Carreras, han signat un conveni de col\u2022laboraci\u00f3, l\u2019objectiu principal del qual \u00e9s fomentar l\u2019art des de la infantesa, comen\u00e7ar a aprendre el llenguatge creatiu de Salvador Dal\u00ed i interpretar el seu llegat art\u00edstic<\/p>\n<p>En particular, les dues parts es comprometen a portar a terme el projecte titulat <strong>DAL\u00cd-ART, el museu entra a l\u2019escola,<\/strong> que pret\u00e9n potenciar l\u2019\u00e0rea visual i pl\u00e0stica i el coneixement de l\u2019obra de Dal\u00ed entre els m\u00e9s de 400 alumnes d\u2019Infantil i Prim\u00e0ria d\u2019aquest centre escolar. Aquest projecte es realitza al llarg de tot el curs 2013-2014 i es consolida en una exposici\u00f3 interactiva a l\u2019escola.<\/p>\n<p>Com a primeres accions de l\u2019acord, la Fundaci\u00f3 ha convidat tot l\u2019alumnat de l\u2019escola a participar en les visites guiades del museu i, tamb\u00e9, a tot el professorat, que el dissabte 18 de gener va visitar el museu de la m\u00e0 d\u2019una dels seus especialistes.<\/p>\n<p>L\u2019escola Salvador Dal\u00ed va obrir les seves portes el dia 23 d\u2019octubre de 1973 i, entre les personalitats que van assistir a l\u2019acte inaugural, hi havia l\u2019artista empordan\u00e8s.<\/p>\n","protected":false},"excerpt":{"rendered":"<p>El secretari general de la Fundaci\u00f3 Dal\u00ed, Llu\u00eds Pe\u00f1uelas i, en nom de l\u2019escola, la seva directora, Maria Carreras, han signat un conveni de col\u2022laboraci\u00f3, l\u2019objectiu principal del qual \u00e9s fomentar l\u2019art des de la infantesa, comen\u00e7ar a aprendre el llenguatge creatiu de Salvador Dal\u00ed i interpretar el seu llegat art\u00edstic En particular, les dues [&hellip;]<\/p>\n","protected":false},"featured_media":4867,"menu_order":0,"template":"","format":"standard","meta":{"_acf_changed":false,"_coblocks_attr":"","_coblocks_dimensions":"","_coblocks_responsive_height":"","_coblocks_accordion_ie_support":""},"categoria-actualitat":[79],"class_list":["post-4866","noticia","type-noticia","status-publish","format-standard","has-post-thumbnail","hentry","categoria-actualitat-fundacio-gala-salvador-dali"],"acf":[],"_links":{"self":[{"href":"https:\/\/webdali.latempesta.eu\/ca\/wp-json\/wp\/v2\/noticia\/4866","targetHints":{"allow":["GET"]}}],"collection":[{"href":"https:\/\/webdali.latempesta.eu\/ca\/wp-json\/wp\/v2\/noticia"}],"about":[{"href":"https:\/\/webdali.latempesta.eu\/ca\/wp-json\/wp\/v2\/types\/noticia"}],"wp:featuredmedia":[{"embeddable":true,"href":"https:\/\/webdali.latempesta.eu\/ca\/wp-json\/wp\/v2\/media\/4867"}],"wp:attachment":[{"href":"https:\/\/webdali.latempesta.eu\/ca\/wp-json\/wp\/v2\/media?parent=4866"}],"wp:term":[{"taxonomy":"categoria-actualitat","embeddable":true,"href":"https:\/\/webdali.latempesta.eu\/ca\/wp-json\/wp\/v2\/categoria-actualitat?post=4866"}],"curies":[{"name":"wp","href":"https:\/\/api.w.org\/{rel}","templated":true}]}}