{"id":4931,"date":"2014-05-29T00:00:00","date_gmt":"2014-05-28T22:00:00","guid":{"rendered":"https:\/\/webdali.latempesta.eu\/noticia\/dali-al-brasil\/"},"modified":"2014-05-29T00:00:00","modified_gmt":"2014-05-28T22:00:00","slug":"dali-al-brasil","status":"publish","type":"noticia","link":"https:\/\/webdali.latempesta.eu\/ca\/fundacio-dali\/noticia\/dali-al-brasil\/","title":{"rendered":"Dal\u00ed al Brasil"},"content":{"rendered":"<p>Avui s&#8217;inaugura l&#8217;exposici\u00f3 <em>Salvador Dal\u00ed <\/em>al Centro Cultural do\u00a0Banco do Brasil, a Rio de Janiero, organitzada per la Fundaci\u00f3 Dal\u00ed juntament al Museo Reina Sof\u00eda de Madrid, el Salvador Dal\u00ed Museum de Saint Petersburg (Florida) i l&#8217;Instituto Tomie Ohtake (Brasil). Consta d&#8217;un recorregut per obres de totes les \u00e8poques, per b\u00e9 que es fa incid\u00e8ncia especial en el per\u00edode surrealista. S&#8217;hi exposen un total de 220 peces: 164 obres d&#8217;art i 56 documents.<\/p>\n<p>\u00c9s la mostra antol\u00f2gica d&#8217;obra de l&#8217;artista m\u00e9s gran que mai s&#8217;hagi celebrat en aquest pa\u00eds. Podr\u00e0 veure&#8217;s al Centro Cultural Banco do Brasil de Rio de Janeiro del 29 de maig al 22 de setembre de 2014 i es traslladar\u00e0 parcialment a l&#8217;Instituto Tomie Ohtake de Sao Paulo de l&#8217;1 d&#8217;octubre fins a finals d&#8217;any.<\/p>\n<p>La gran entesa entre les institucions organitzadores ha propiciat, en el passat m\u00e9s recent, les exposicions al Centre Pompidou i al Museo Reina Sof\u00eda amb gran \u00e8xit de p\u00fablic i de cr\u00edtica i ara afavoreix la realitzaci\u00f3 d&#8217;aquesta important retrospectiva que compta amb grans obres del mestre empordan\u00e8s. Aix\u00ed, la Fundaci\u00f3 Dal\u00ed vol complir uns dels seus objectius fundacionals: el de promocionar, divulgar i prestigiar, tant en el territori de l&#8217;Estat espanyol com a l&#8217;estranger, l&#8217;obra art\u00edstica i intel\u00b7lectual del pintor.<\/p>\n<p>Amb aquesta premissa, els equips t\u00e8cnics de les tres col\u00b7leccions m\u00e9s grans d&#8217;obra de Salvador Dal\u00ed han concebut una exposici\u00f3 que presenta una mirada exhaustiva per la producci\u00f3 daliniana des dels anys 20 fins a les seves darreres teles.<\/p>\n<p>Proposa al visitant l&#8217;oportunitat d&#8217;apreciar l&#8217;evoluci\u00f3, no tan sols t\u00e8cnica, sin\u00f3 tamb\u00e9 de les seves influ\u00e8ncies, referents ideol\u00f2gics i iconogr\u00e0fics, oferint, aix\u00ed, la contemplaci\u00f3 sempre enriquidora de l&#8217;original univers de l&#8217;artista.<\/p>\n<p>Podrem contemplar obres de l&#8217;\u00e8poca de formaci\u00f3 del pintor com ara <em>Retrat del pare i casa d&#8217;Es Llaner<\/em>, c. 1920, <em>El cam\u00ed de Portlligat amb vistes sobre el Cap de Creus<\/em>, c. 1921, <em>Autoretrat cubista<\/em>, 1923, <em>Retrat de la meva germana<\/em>, 1925, <em>Bust de Voltaire<\/em>, 1941, <em>Idil\u00b7li at\u00f2mic i ur\u00e0nic melanc\u00f2lic<\/em>, 1945, <em>A prop\u00f2sit del &#8220;Discurs sobre la forma c\u00fabica de Juan de Herrera&#8221;<\/em>, 1960, <em>El peu de Gala<\/em> (obra estereosc\u00f2pica en dos elements), c. 1975-76, fins a <em>Sense t\u00edtol. Segons &#8220;La nit&#8221; de Miquel \u00c0ngel,<\/em> 1982 o b\u00e9 <em>Contorsi\u00f3 topol\u00f2gica d&#8217;una figura femenina convertint-se en violoncel <\/em>de 1983.<\/p>\n<p>En aquesta visi\u00f3 retrospectiva, l&#8217;\u00e8poca surrealista \u00e9s la protagonista indiscutible. Es tracta del moment de consagraci\u00f3 del pintor, el que li ha donat fama universal i en el que desenvolupa el seu m\u00e8tode paranoico-cr\u00edtic d&#8217;interpretaci\u00f3 de la realitat. Per aquest motiu, les tres institucions han volgut destacar especialment aquesta etapa mostrant obres molt significatives de les seves col\u00b7leccions. En s\u00f3n un bon exemple: <em>Monument imperial a la dona-nena<\/em>, 1929, <em>El sentiment de velocitat<\/em>, 1931, <em>Eco morfol\u00f2gic<\/em>, 1935 o <em>Paisatge pag\u00e0 mitj\u00e0<\/em>, 1937. Tamb\u00e9 es projectaran les dues pel\u00b7l\u00edcules realitzades amb Luis Bu\u00f1uel<em> Un chien andalou<\/em> (1929) i<em> L&#8217;\u00c2ge d&#8217;or <\/em>(1930), que van suposar per ambd\u00f3s autors l&#8217;entrada al grup surrealista com a membres de ple dret. Com a complement ideal a les activitats del pintor en aquest moviment, presentem els gravats que va realitzar per il\u00b7lustrar <em>Les Chants de Maldoror<\/em>. Aquest poema en prosa escrit per Isidore Ducasse, conegut com Conde de Lautr\u00e9mont, va ser un leitmotiv per al grup surrealista tant pel tema com pel m\u00f3n on\u00edric que descriu, convertint-se aix\u00ed en un dels autors de cap\u00e7alera del moviment.<\/p>\n<p>A m\u00e9s d&#8217;aquests gravats, hem incl\u00f2s a l&#8217;exposici\u00f3 d&#8217;altres aproximacions a aquesta t\u00e8cnica que, de vegades, no han estat prou ben explicades i que ens ajuden a comprendre els m\u00faltiples interessos de l&#8217;artista. Aix\u00ed, trobarem les il\u00b7lustracions per a diferents obres de la literatura universal com per exemple: <em>Pages choisies de Don Quichotte de la Mancha <\/em>de Miguel de Cervantes (1957); <em>Le Ch\u00e2teau d&#8217;Otrante<\/em> d&#8217;Horace Walpole (1964) o <em> Alice&#8217;s adventures in Wonderland<\/em> de Lewis Carroll (1969), exemplars de la col\u00b7lecci\u00f3 de la Fundaci\u00f3 Dal\u00ed.<\/p>\n<p>Aquesta important retrospectiva inclou un gran nombre de peces documentals que acompanyen les pintures exposades. Els documents, tots ells provinents de l&#8217;arxiu del Centre d&#8217;Estudis Dalinians, reforcen el di\u00e0leg que s&#8217;estableix entre les pintures que es presenten i permeten, a m\u00e9s, fer un recorregut biogr\u00e0fic i, alhora art\u00edstic, per la traject\u00f2ria del pintor. En destaquem dos llibres en els que va col\u00b7laborar de forma activa realitzant el frontispici d&#8217;ambd\u00f3s: <em>L&#8217;Immacul\u00e9e conception <\/em>d&#8217;Andr\u00e9 Breton i Paul \u00c9luard de 1930 i <em>Onan <\/em>de Georges Hugnet de 1934. La incursi\u00f3 del pintor en el m\u00f3n del cel\u00b7luloide es completa amb la projecci\u00f3 del film d&#8217;Alfred Hitchcock, <em>Recorda <\/em>(1945), les seq\u00fc\u00e8ncies del somni del qual van ser dissenyades per Salvador Dal\u00ed.<\/p>\n<p>Amb aquesta mostra, es proposa una mirada que ajudi a entendre Dal\u00ed en totes les seves vessants: la de pintor, dibuixant, pensador, escriptor, apassionat per la ci\u00e8ncia, catalitzador dels corrents d&#8217;avantguarda, il\u00b7lustrador, dissenyador, cineasta, escen\u00f2graf. Tamb\u00e9 com a inconformista, amb una actuaci\u00f3 personal capa\u00e7 de percebre la import\u00e0ncia creixent de la cultura de masses i, evidentment, com artista que experimenta en tots els camps de la creaci\u00f3 fins i tot en els m\u00e9s innovadors com s\u00f3n les instal\u00b7lacions i les performances.<\/p>\n<p>Aquesta exposici\u00f3 compta amb la inestimable col\u00b7laboraci\u00f3 de l&#8217;Instituto Tomie Ohtake, el patrocini d&#8217;Arteris (filial d&#8217;Abertis al Brasil), Banco do Brasil, IRB, MAPFRE, Telef\u00f3nica i el suport d&#8217;Atento, Brasilcap i Prosegur.<\/p>\n","protected":false},"excerpt":{"rendered":"<p>Avui s&#8217;inaugura l&#8217;exposici\u00f3 Salvador Dal\u00ed al Centro Cultural do\u00a0Banco do Brasil, a Rio de Janiero, organitzada per la Fundaci\u00f3 Dal\u00ed juntament al Museo Reina Sof\u00eda de Madrid, el Salvador Dal\u00ed Museum de Saint Petersburg (Florida) i l&#8217;Instituto Tomie Ohtake (Brasil). Consta d&#8217;un recorregut per obres de totes les \u00e8poques, per b\u00e9 que es fa incid\u00e8ncia [&hellip;]<\/p>\n","protected":false},"featured_media":4932,"menu_order":0,"template":"","format":"standard","meta":{"_acf_changed":false,"_coblocks_attr":"","_coblocks_dimensions":"","_coblocks_responsive_height":"","_coblocks_accordion_ie_support":""},"categoria-actualitat":[78],"class_list":["post-4931","noticia","type-noticia","status-publish","format-standard","has-post-thumbnail","hentry","categoria-actualitat-exposicions"],"acf":[],"_links":{"self":[{"href":"https:\/\/webdali.latempesta.eu\/ca\/wp-json\/wp\/v2\/noticia\/4931","targetHints":{"allow":["GET"]}}],"collection":[{"href":"https:\/\/webdali.latempesta.eu\/ca\/wp-json\/wp\/v2\/noticia"}],"about":[{"href":"https:\/\/webdali.latempesta.eu\/ca\/wp-json\/wp\/v2\/types\/noticia"}],"wp:featuredmedia":[{"embeddable":true,"href":"https:\/\/webdali.latempesta.eu\/ca\/wp-json\/wp\/v2\/media\/4932"}],"wp:attachment":[{"href":"https:\/\/webdali.latempesta.eu\/ca\/wp-json\/wp\/v2\/media?parent=4931"}],"wp:term":[{"taxonomy":"categoria-actualitat","embeddable":true,"href":"https:\/\/webdali.latempesta.eu\/ca\/wp-json\/wp\/v2\/categoria-actualitat?post=4931"}],"curies":[{"name":"wp","href":"https:\/\/api.w.org\/{rel}","templated":true}]}}