{"id":5003,"date":"2014-09-20T00:00:00","date_gmt":"2014-09-19T22:00:00","guid":{"rendered":"https:\/\/webdali.latempesta.eu\/noticia\/primer-premi-avicom-al-documental-dali-pitxot\/"},"modified":"2014-09-20T00:00:00","modified_gmt":"2014-09-19T22:00:00","slug":"primer-premi-avicom-al-documental-dali-pitxot","status":"publish","type":"noticia","link":"https:\/\/webdali.latempesta.eu\/ca\/fundacio-dali\/noticia\/primer-premi-avicom-al-documental-dali-pitxot\/","title":{"rendered":"Primer premi AVICOM al documental Dal\u00ed-Pitxot"},"content":{"rendered":"<p>La Fundaci\u00f3 Gala-Salvador Dal\u00ed ha estat guardonada amb el premi &#8220;Gold&#8221; que atorga AVICOM (Comit\u00e8 Internacional per l&#8217;audiovisual i les tecnologies de la imatge, secci\u00f3 audiovisual de l&#8217;ICOM), pel documental <em>Dal\u00ed-Pitxot, L&#8217;al\u00b7legoria de la mem\u00f2ria<\/em>, en la categoria de documental de llarga durada. El premi va ser recollit pel seu gerent, Joan Manuel Sevillano Campalans, en una cerim\u00f2nia que va tenir lloc dissabte passat dia 20 de setembre a la State Tretyakov Gallery de Moscou durant el Festival Internacional de l&#8217;audiovisual sobre museus i patrimoni, una competici\u00f3 que compta amb un jurat internacional d&#8217;experts que analitzen les millors produccions del m\u00f3n de la museologia. La productora del documental \u00e9s La Nutria Produccions, ha estat dirigit per David Pujol, produ\u00eft per Ivan Carrero, amb gui\u00f3 de Montse Aguer i David Pujol, editat per David Pujol i Jordi Mu\u00f1oz.<\/p>\n<p>La Nutria Produccions \u00e9s a qui, ara sota el nom de Doc Doc Films, s&#8217;ha encarregat el projecte audiovisual per celebrar els 40 anys del Teatre-Museu Dal\u00ed. El documental <em>Dal\u00ed-Pitxot. L&#8217;al\u00b7legoria de la mem\u00f2ria<\/em> es presenta en format DVD junt amb el cat\u00e0leg de l&#8217;exposici\u00f3 temporal que el Castell de P\u00fabol dedica enguany a Antoni Pitxot. La mostra ha estat produ\u00efda pel Centre d&#8217;Estudis Dalinians i comissariada per Montse Aguer. Els autors del cat\u00e0leg, editat per DAS edicions, s\u00f3n, a m\u00e9s de la comiss\u00e0ria, Juan Manuel Bonet i Antoni Pitxot. El documental i la mostra es poden veure fins al 6 de gener de 2015 al Castell de P\u00fabol.<\/p>\n","protected":false},"excerpt":{"rendered":"<p>La Fundaci\u00f3 Gala-Salvador Dal\u00ed ha estat guardonada amb el premi &#8220;Gold&#8221; que atorga AVICOM (Comit\u00e8 Internacional per l&#8217;audiovisual i les tecnologies de la imatge, secci\u00f3 audiovisual de l&#8217;ICOM), pel documental Dal\u00ed-Pitxot, L&#8217;al\u00b7legoria de la mem\u00f2ria, en la categoria de documental de llarga durada. El premi va ser recollit pel seu gerent, Joan Manuel Sevillano Campalans, [&hellip;]<\/p>\n","protected":false},"featured_media":5004,"menu_order":0,"template":"","format":"standard","meta":{"_acf_changed":false,"_coblocks_attr":"","_coblocks_dimensions":"","_coblocks_responsive_height":"","_coblocks_accordion_ie_support":""},"categoria-actualitat":[79,81],"class_list":["post-5003","noticia","type-noticia","status-publish","format-standard","has-post-thumbnail","hentry","categoria-actualitat-fundacio-gala-salvador-dali","categoria-actualitat-publicacions"],"acf":[],"_links":{"self":[{"href":"https:\/\/webdali.latempesta.eu\/ca\/wp-json\/wp\/v2\/noticia\/5003","targetHints":{"allow":["GET"]}}],"collection":[{"href":"https:\/\/webdali.latempesta.eu\/ca\/wp-json\/wp\/v2\/noticia"}],"about":[{"href":"https:\/\/webdali.latempesta.eu\/ca\/wp-json\/wp\/v2\/types\/noticia"}],"wp:featuredmedia":[{"embeddable":true,"href":"https:\/\/webdali.latempesta.eu\/ca\/wp-json\/wp\/v2\/media\/5004"}],"wp:attachment":[{"href":"https:\/\/webdali.latempesta.eu\/ca\/wp-json\/wp\/v2\/media?parent=5003"}],"wp:term":[{"taxonomy":"categoria-actualitat","embeddable":true,"href":"https:\/\/webdali.latempesta.eu\/ca\/wp-json\/wp\/v2\/categoria-actualitat?post=5003"}],"curies":[{"name":"wp","href":"https:\/\/api.w.org\/{rel}","templated":true}]}}