{"id":5043,"date":"2015-02-01T00:00:00","date_gmt":"2015-01-31T22:00:00","guid":{"rendered":"https:\/\/webdali.latempesta.eu\/noticia\/84-285-visitants-a-lexposicio-de-moscou\/"},"modified":"2025-05-19T12:46:06","modified_gmt":"2025-05-19T10:46:06","slug":"84-285-visitants-a-l-exposicio-de-moscou","status":"publish","type":"noticia","link":"https:\/\/webdali.latempesta.eu\/ca\/fundacio-dali\/noticia\/84-285-visitants-a-l-exposicio-de-moscou\/","title":{"rendered":"84.285 visitants a l&#8217;exposici\u00f3 de Moscou"},"content":{"rendered":"<p>L&#8217;1 de febrer es va clausurar l &#8216;exposici\u00f3 <em>Dal\u00ed and Media,<\/em> organitzada per la Fundaci\u00f3 Gala-Salvador Dal\u00ed i el Moscow Museum of Modern Art (MMOMA), amb un total de 84.285 visitants.<\/p>\n<p>La mostra contenia 219 peces provinents dels fons de la Fundaci\u00f3 Dal\u00ed: 205 diaris i revistes i 14 olis i dibuixos. Ha estat una reedici\u00f3 de <em>Dal\u00ed i les revistes, <\/em>exposici\u00f3 comissariada per Montse Aguer l&#8217;any 2008 al Castell de P\u00fabol, adaptada en aquesta ocasi\u00f3 al museu d&#8217;art modern de Moscou. La mostra s&#8217;ha centrat en la col\u00b7laboraci\u00f3 de Salvador Dal\u00ed en el m\u00f3n de les revistes i la premsa escrita, que \u00e9s variada i extensa, sense oblidar el paper sempre present de Gala, d&#8217;origen rus, com a col\u00b7laboradora inefable dels seus m\u00faltiples projectes.<\/p>\n","protected":false},"excerpt":{"rendered":"<p>L&#8217;1 de febrer es va clausurar l &#8216;exposici\u00f3 Dal\u00ed and Media, organitzada per la Fundaci\u00f3 Gala-Salvador Dal\u00ed i el Moscow Museum of Modern Art (MMOMA), amb un total de 84.285 visitants. La mostra contenia 219 peces provinents dels fons de la Fundaci\u00f3 Dal\u00ed: 205 diaris i revistes i 14 olis i dibuixos. Ha estat una [&hellip;]<\/p>\n","protected":false},"featured_media":5044,"menu_order":0,"template":"","format":"standard","meta":{"_acf_changed":false,"_coblocks_attr":"","_coblocks_dimensions":"","_coblocks_responsive_height":"","_coblocks_accordion_ie_support":""},"categoria-actualitat":[78,79],"class_list":["post-5043","noticia","type-noticia","status-publish","format-standard","has-post-thumbnail","hentry","categoria-actualitat-exposicions","categoria-actualitat-fundacio-gala-salvador-dali"],"acf":[],"_links":{"self":[{"href":"https:\/\/webdali.latempesta.eu\/ca\/wp-json\/wp\/v2\/noticia\/5043","targetHints":{"allow":["GET"]}}],"collection":[{"href":"https:\/\/webdali.latempesta.eu\/ca\/wp-json\/wp\/v2\/noticia"}],"about":[{"href":"https:\/\/webdali.latempesta.eu\/ca\/wp-json\/wp\/v2\/types\/noticia"}],"wp:featuredmedia":[{"embeddable":true,"href":"https:\/\/webdali.latempesta.eu\/ca\/wp-json\/wp\/v2\/media\/5044"}],"wp:attachment":[{"href":"https:\/\/webdali.latempesta.eu\/ca\/wp-json\/wp\/v2\/media?parent=5043"}],"wp:term":[{"taxonomy":"categoria-actualitat","embeddable":true,"href":"https:\/\/webdali.latempesta.eu\/ca\/wp-json\/wp\/v2\/categoria-actualitat?post=5043"}],"curies":[{"name":"wp","href":"https:\/\/api.w.org\/{rel}","templated":true}]}}