{"id":5058,"date":"2015-03-10T00:00:00","date_gmt":"2015-03-09T22:00:00","guid":{"rendered":"https:\/\/webdali.latempesta.eu\/noticia\/montse-aguer-inaugura-la-ruta-dali-de-paris\/"},"modified":"2015-03-10T00:00:00","modified_gmt":"2015-03-09T22:00:00","slug":"montse-aguer-inaugura-la-ruta-dali-de-paris","status":"publish","type":"noticia","link":"https:\/\/webdali.latempesta.eu\/ca\/fundacio-dali\/noticia\/montse-aguer-inaugura-la-ruta-dali-de-paris\/","title":{"rendered":"Montse Aguer inaugura la Ruta Dal\u00ed de Par\u00eds"},"content":{"rendered":"<p>L&#8217;Instituto Cervantes de Par\u00eds va presentar la Ruta Dal\u00ed de Par\u00eds de la m\u00e0 de la directora del Centre d&#8217;Estudis Dalinians, Montse Aguer, autora dels continguts. La Ruta es pot consultar <a href=\"http:\/\/paris.rutascervantes.es\/ruta\/dali\">aqu\u00ed<\/a>.<\/p>\n<p>Salvador Dal\u00ed comen\u00e7a a construir la seva llegenda a Par\u00eds des del seu primer viatge a la capital francesa l&#8217;any 1926, ocasi\u00f3 en la qual visita Picasso al seu taller aix\u00ed com alguns indrets tan emblem\u00e0tics com el Mus\u00e9e du Louvre, Versailles o la casa-estudi de Millet a Fontainebleau. El 1929 s&#8217;instal\u00b7la a Par\u00eds amb motiu del rodatge d&#8217;<em>Un chien andalou<\/em> i s&#8217;integra plenament al grup surrealista. Aquesta estada motiva la cr\u00f2nica Documental-Par\u00eds-1929, publicada en set articles, a les p\u00e0gines de <em>La Publicitat<\/em>, en la qual Dal\u00ed cita llocs famosos i de moda com el Claridge, el Ritz, el Carlton, el bar de la Coupole, el Dome i al\u00b7ludeix molts artistes del moment: Benjamin Peret, Paul \u00c9luard, Jean Cocteau, Man Ray, Ren\u00e9 Magritte, Joan Mir\u00f3, Pablo Picasso, Camille Goemans, Robert Desnos, Ren\u00e9 Clair, etc.<\/p>\n","protected":false},"excerpt":{"rendered":"<p>L&#8217;Instituto Cervantes de Par\u00eds va presentar la Ruta Dal\u00ed de Par\u00eds de la m\u00e0 de la directora del Centre d&#8217;Estudis Dalinians, Montse Aguer, autora dels continguts. La Ruta es pot consultar aqu\u00ed. Salvador Dal\u00ed comen\u00e7a a construir la seva llegenda a Par\u00eds des del seu primer viatge a la capital francesa l&#8217;any 1926, ocasi\u00f3 en [&hellip;]<\/p>\n","protected":false},"featured_media":5059,"menu_order":0,"template":"","format":"standard","meta":{"_acf_changed":false,"_coblocks_attr":"","_coblocks_dimensions":"","_coblocks_responsive_height":"","_coblocks_accordion_ie_support":""},"categoria-actualitat":[79],"class_list":["post-5058","noticia","type-noticia","status-publish","format-standard","has-post-thumbnail","hentry","categoria-actualitat-fundacio-gala-salvador-dali"],"acf":[],"_links":{"self":[{"href":"https:\/\/webdali.latempesta.eu\/ca\/wp-json\/wp\/v2\/noticia\/5058","targetHints":{"allow":["GET"]}}],"collection":[{"href":"https:\/\/webdali.latempesta.eu\/ca\/wp-json\/wp\/v2\/noticia"}],"about":[{"href":"https:\/\/webdali.latempesta.eu\/ca\/wp-json\/wp\/v2\/types\/noticia"}],"wp:featuredmedia":[{"embeddable":true,"href":"https:\/\/webdali.latempesta.eu\/ca\/wp-json\/wp\/v2\/media\/5059"}],"wp:attachment":[{"href":"https:\/\/webdali.latempesta.eu\/ca\/wp-json\/wp\/v2\/media?parent=5058"}],"wp:term":[{"taxonomy":"categoria-actualitat","embeddable":true,"href":"https:\/\/webdali.latempesta.eu\/ca\/wp-json\/wp\/v2\/categoria-actualitat?post=5058"}],"curies":[{"name":"wp","href":"https:\/\/api.w.org\/{rel}","templated":true}]}}