{"id":5068,"date":"2015-03-14T00:00:00","date_gmt":"2015-03-13T22:00:00","guid":{"rendered":"https:\/\/webdali.latempesta.eu\/noticia\/obertura-castell-gala-dali-de-pubol-2\/"},"modified":"2025-05-19T12:46:06","modified_gmt":"2025-05-19T10:46:06","slug":"obertura-castell-gala-dali-de-pubol-2","status":"publish","type":"noticia","link":"https:\/\/webdali.latempesta.eu\/ca\/fundacio-dali\/noticia\/obertura-castell-gala-dali-de-pubol-2\/","title":{"rendered":"Obertura Castell Gala Dal\u00ed de P\u00fabol"},"content":{"rendered":"<div>\n<div>\n<p><span style=\"color: black\"><span style=\"color: black\">Avui dissabte 14 de mar\u00e7 s\u2019obre de nou al p\u00fablic la casa-museu Castell Gala Dal\u00ed de P\u00fabol.\u00a0<\/span>\u00a0<\/span><\/p>\n<\/div>\n<p><span style=\"color: black\">Us recordem tot seguit els horaris d\u2019obertura de tota la temporada 2015 (14 de mar\u00e7 a 31 de desembre)<\/span><\/p>\n<p><strong>7 gener &#8211; 13 mar\u00e7.<\/strong> TANCAT<br \/>\n<strong>14 mar\u00e7 &#8211; 14 juny<\/strong> i <strong>16 setembre &#8211; 1 novembre<\/strong>.<br \/>\n10:00-18:00h.\/\u00daltima acc\u00e9s 17:15h.<br \/>\nTANCAT: dilluns (<a href=\"\/museus\/castell-gala-dali-pubol\/info-practica\/horaris-i-preus\/\">consultar DILLUNS D&#8217;OBERTURA<\/a>).<\/p>\n<p><strong>2 novembre &#8211; 31 desembre i 1- 6 gener<\/strong><br \/>\n10:00 &#8211; 17:00h. \/ \u00daltim acc\u00e9s 16:15h.<br \/>\nTANCAT: 25 desembre, 1 gener i els dilluns (consultar DILLUNS D&#8217;OBERTURA).<\/p>\n<p><strong>15 juny &#8211; 15 setembre<\/strong><br \/>\n10:00-20:00h.\/\u00daltim acc\u00e9s 19:15h.<br \/>\nObert cada dia.<\/p>\n<\/div>\n<div>\n<div>\n<p><strong>PREUS<\/strong><br \/>\nENTRADA NORMAL 8\u20ac ENTRADA GRUP (+25) 5,5\u20ac<br \/>\nENTRADA REDU\u00efDA 6\u20ac ENTRADA ON-LINE 8\u20ac<\/p>\n<\/div>\n<\/div>\n","protected":false},"excerpt":{"rendered":"<p>Avui dissabte 14 de mar\u00e7 s\u2019obre de nou al p\u00fablic la casa-museu Castell Gala Dal\u00ed de P\u00fabol.\u00a0\u00a0 Us recordem tot seguit els horaris d\u2019obertura de tota la temporada 2015 (14 de mar\u00e7 a 31 de desembre) 7 gener &#8211; 13 mar\u00e7. TANCAT 14 mar\u00e7 &#8211; 14 juny i 16 setembre &#8211; 1 novembre. 10:00-18:00h.\/\u00daltima acc\u00e9s [&hellip;]<\/p>\n","protected":false},"featured_media":5069,"menu_order":0,"template":"","format":"standard","meta":{"_acf_changed":false,"_coblocks_attr":"","_coblocks_dimensions":"","_coblocks_responsive_height":"","_coblocks_accordion_ie_support":""},"categoria-actualitat":[79,80],"class_list":["post-5068","noticia","type-noticia","status-publish","format-standard","has-post-thumbnail","hentry","categoria-actualitat-fundacio-gala-salvador-dali","categoria-actualitat-museus"],"acf":[],"_links":{"self":[{"href":"https:\/\/webdali.latempesta.eu\/ca\/wp-json\/wp\/v2\/noticia\/5068","targetHints":{"allow":["GET"]}}],"collection":[{"href":"https:\/\/webdali.latempesta.eu\/ca\/wp-json\/wp\/v2\/noticia"}],"about":[{"href":"https:\/\/webdali.latempesta.eu\/ca\/wp-json\/wp\/v2\/types\/noticia"}],"wp:featuredmedia":[{"embeddable":true,"href":"https:\/\/webdali.latempesta.eu\/ca\/wp-json\/wp\/v2\/media\/5069"}],"wp:attachment":[{"href":"https:\/\/webdali.latempesta.eu\/ca\/wp-json\/wp\/v2\/media?parent=5068"}],"wp:term":[{"taxonomy":"categoria-actualitat","embeddable":true,"href":"https:\/\/webdali.latempesta.eu\/ca\/wp-json\/wp\/v2\/categoria-actualitat?post=5068"}],"curies":[{"name":"wp","href":"https:\/\/api.w.org\/{rel}","templated":true}]}}