{"id":5073,"date":"2015-03-23T00:00:00","date_gmt":"2015-03-22T22:00:00","guid":{"rendered":"https:\/\/webdali.latempesta.eu\/noticia\/exposicio-sobre-escultura-a-pubol\/"},"modified":"2015-03-23T00:00:00","modified_gmt":"2015-03-22T22:00:00","slug":"exposicio-sobre-escultura-a-pubol","status":"publish","type":"noticia","link":"https:\/\/webdali.latempesta.eu\/ca\/fundacio-dali\/noticia\/exposicio-sobre-escultura-a-pubol\/","title":{"rendered":"Exposici\u00f3 sobre escultura a P\u00fabol"},"content":{"rendered":"<p><strong>1. Presentaci\u00f3<\/strong><\/p>\n<p>La Fundaci\u00f3 Dal\u00ed es complau a informar-vos que avui a les 11h del mat\u00ed s&#8217;ha inaugurat l&#8217;exposici\u00f3 temporal del Castell de P\u00fabol. En representaci\u00f3 de la instituci\u00f3, hi ha assistit el seu president, Ramon Boixad\u00f3s, el director del Teatre-Museu Dal\u00ed, Antoni Pitxot, i la directora del Centre d&#8217;Estudis Dalinians (CED), Montse Aguer. La visita comentada a la instal\u00b7laci\u00f3 ha anat a c\u00e0rrec de Laura Bartolom\u00e9, coordinadora del CED i comiss\u00e0ria d&#8217;aquesta mostra, sota la direcci\u00f3 cient\u00edfica de Montse Aguer.<\/p>\n<p>Enguany l&#8217;exposici\u00f3 temporal de P\u00fabol est\u00e0 dedicada a l&#8217;escultura de Salvador Dal\u00ed i porta per t\u00edtol <em>Bust de dona retrospectiu<\/em>. Es podr\u00e0 veure des del 24 de mar\u00e7 i fins al 6 de gener de 2016. \u00c9s la primera vegada que la Fundaci\u00f3 Dal\u00ed organitza una exposici\u00f3 dedicada a l&#8217;escultura.<\/p>\n<p>Vegeu-ne el <a href=\"https:\/\/www.youtube.com\/watch?v=IKCMYhri1Jc&amp;feature=youtu.be\">v\u00eddeo <\/a>de la presentaci\u00f3.<\/p>\n<p><strong>2. Concepte i contingut<\/strong><\/p>\n<p>L&#8217;exposici\u00f3 consta de l&#8217;obra escult\u00f2rica titulada <em>Bust de dona retrospectiu<\/em>, l&#8217;exemplar de bronze de l&#8217;any 1976-77 que s&#8217;exposa al Teatre-Museu Dal\u00ed de Figueres, aix\u00ed com tamb\u00e9 de 16 fotografies d&#8217;autors com Man Ray, Brassa\u00ef, Andr\u00e9 Caillet, Carl Van Vechten o Eric Schaal, de 3 llibres, 2 revistes i un cat\u00e0leg d&#8217;exposici\u00f3.<\/p>\n<p>La pe\u00e7a est\u00e0 formada per un bust de bronze que incorpora diferents elements mitjan\u00e7ant la t\u00e8cnica de l&#8217;assemblatge: una barra de pa, dues panotxes de blat de moro, plomes, un zo\u00f2trop o tira de paper pintat, un tinter amb figures de l&#8217;<em>\u00c0ngelus <\/em>amb dues plomes i sorra.<\/p>\n<p>L&#8217;exposici\u00f3 <em>Bust de dona retrospectiu<\/em> ens remet a una de les primeres escultures-objecte de Salvador Dal\u00ed, creada l&#8217;any 1933. Es tracta d&#8217;un dels objectes surrealistes m\u00e9s importants d&#8217;aquest per\u00edode, i \u00e9s molt apreciat tamb\u00e9 per l&#8217;entorn surrealista com ho demostra el fet que Andr\u00e9 Breton l&#8217;esculli per il\u00b7lustrar l&#8217;apartat corresponent del seu llibre <em>What is Surrealism?<\/em> l&#8217;any 1936. Dal\u00ed, una vegada m\u00e9s, de manera provocativa contribueix al surrealisme amb objectes que apel\u00b7len al desig, al sexe i a la pertorbaci\u00f3. M\u00e9s enll\u00e0 de la rellev\u00e0ncia conceptual i de l&#8217;an\u00e0lisi iconogr\u00e0fica de l&#8217;objecte surrealista, el que es vol tractar en aquesta ocasi\u00f3 \u00e9s el seu proc\u00e9s de creaci\u00f3. Despr\u00e9s d&#8217;una primera aproximaci\u00f3 al concepte general d&#8217;objecte surrealista i a l&#8217;objecte de funcionament simb\u00f2lic, es tracten de manera concisa les caracter\u00edstiques de l&#8217;escultura original de Dal\u00ed. Aquest recorregut ens apropa a una millor comprensi\u00f3 de l&#8217;escultura daliniana i, especialment, al fet que algunes obres concebudes en origen com a \u00faniques es converteixen d\u00e8cades m\u00e9s tard, i per voluntat expressa de l&#8217;artista, en edicions originals de les quals deriven un n\u00famero determinat d&#8217;exemplars.<\/p>\n<p>El mateix Dal\u00ed defineix objecte surrealista a <em>Vida Secreta<\/em> amb les paraules seg\u00fcents: &#8220;desconcertants de moment, per\u00f2 gr\u00e0cies als quals la gent ja no s&#8217;havia de limitar a parlar de les seves f\u00f2bies, manies, sentiments i desigs, sin\u00f3 que els podia tocar, manipular i fer funcionar amb les pr\u00f2pies mans&#8221;.<\/p>\n<p><strong>3. \u00c0mbits<\/strong><\/p>\n<p>L&#8217;exposici\u00f3 es divideix en tres \u00e0mbits, un dels quals inclou la vitrina amb el bust:<\/p>\n<p><strong>L&#8217;objecte abans de l&#8217;objecte:<\/strong> aquest apartat ens situa abans del 1933. A trav\u00e9s de fotografies hem localitzat alguns dels elements que posteriorment integraran l&#8217;assemblatge. Del bust de porcellana, Dal\u00ed ens explica que el troba en una perruqueria. Probablement fos un maniqu\u00ed d&#8217;aparador utilitzat per mostrar perruques.<\/p>\n<p><strong>La vida d&#8217;una obra original \u00fanica: <\/strong>aquesta secci\u00f3 ens fa una cronologia de l&#8217;objecte surrealista des de la seva creaci\u00f3 l&#8217;any 1933 fins avui i de com va anar metamorfosant. A cada presentaci\u00f3, Dal\u00ed li canviava atributs i sovint tamb\u00e9 el t\u00edtol; no l&#8217;havia concebut com una obra acabada sin\u00f3 que n&#8217;anava fent versions ef\u00edmeres. Fins que la retrobem en una exposici\u00f3 monogr\u00e0fica de Dal\u00ed l&#8217;any 1970 al museu Boijmans van Beuningen de Rotterdam i, finalment, el MOMA de Nova York l&#8217;adquireix a l&#8217;any 1992.<\/p>\n<p><strong>L&#8217;edici\u00f3 original de l&#8217;objecte surrealista:<\/strong> s&#8217;explica com Dal\u00ed als anys 70s edita de forma limitada (8 exemplars i 4 proves d&#8217;artista) i normalment en bronze peces \u00faniques dels anys 30s. La pe\u00e7a que avui mostrem \u00e9s un exemplar que Dal\u00ed va personalitzar per mostrar-la de forma permanent al Teatre-Museu de Figueres i va dissenyar tota una instal\u00b7laci\u00f3 de la qual forma part. D&#8217;alguna manera la va convertir novament en una obra \u00fanica. En aquells anys Dal\u00ed juga amb la dicotomia d&#8217;obra \u00fanica i obra seriada per dessacralitzar el valor de l&#8217;obra \u00fanica.<\/p>\n<p><strong>4. Muntatge<\/strong><\/p>\n<p>El muntatge de l&#8217;exposici\u00f3 ha estat dissenyat per Pep Canaleta de 3carme33 i el grafisme, per Alex Gifreu. S&#8217;han inspirat en els muntatges de les exposicions dels anys 20s i 30s dedicades al surrealisme i a l&#8217;avantguarda. Per a la pe\u00e7a central, el bust, reprodueix la manera com va ser presentada per primera vegada a la galeria Pierre Colle de Par\u00eds l&#8217;any 1933.<\/p>\n<p><strong>5. Objectius<\/strong><\/p>\n<p>&#8211; Donar a con\u00e8ixer l&#8217;obra escult\u00f2rica de l&#8217;artista. Se&#8217;n pot veure una bona representaci\u00f3 de forma permanent al Teatre-Museu Dal\u00ed de Figueres per\u00f2 tamb\u00e9 en diversos objectes i instal\u00b7lacions de les cases-museu de P\u00fabol i Portlligat.<\/p>\n<p>&#8211; Significa un pas necessari dins el treball de catalogaci\u00f3 total de l&#8217;escultura. En aquest sentit, la Fundaci\u00f3 Dal\u00ed ha publicat unes pautes per definir i classificar l&#8217;escultura original o leg\u00edtima de l&#8217;artista, que \u00e9s menys coneguda que la pintura per\u00f2 no per aix\u00f2, menys important.<\/p>\n<p>&#8211; Documentar el proc\u00e9s creatiu de l&#8217;escultura de Salvador Dal\u00ed en general i d&#8217;aquesta obra en concret. Les fotografies que majorit\u00e0riament es troben a l&#8217;arxiu de la Fundaci\u00f3 Dal\u00ed i tamb\u00e9 la recerca a d&#8217;altres fonts consultades han perm\u00e8s con\u00e8ixer molt millor aspectes del treball de Dal\u00ed que d&#8217;altra manera no hagu\u00e9s estat possible. Ara sabem que Dal\u00ed concep escultures als anys 1930s sense cap altra intenci\u00f3 que la de crear objectes surrealistes i que, anys m\u00e9s tard, edita en s\u00e8ries limitades moltes d&#8217;aquelles peces que inicialment eren \u00faniques.<\/p>\n","protected":false},"excerpt":{"rendered":"<p>1. Presentaci\u00f3 La Fundaci\u00f3 Dal\u00ed es complau a informar-vos que avui a les 11h del mat\u00ed s&#8217;ha inaugurat l&#8217;exposici\u00f3 temporal del Castell de P\u00fabol. En representaci\u00f3 de la instituci\u00f3, hi ha assistit el seu president, Ramon Boixad\u00f3s, el director del Teatre-Museu Dal\u00ed, Antoni Pitxot, i la directora del Centre d&#8217;Estudis Dalinians (CED), Montse Aguer. La [&hellip;]<\/p>\n","protected":false},"featured_media":5074,"menu_order":0,"template":"","format":"standard","meta":{"_acf_changed":false,"_coblocks_attr":"","_coblocks_dimensions":"","_coblocks_responsive_height":"","_coblocks_accordion_ie_support":""},"categoria-actualitat":[78,80],"class_list":["post-5073","noticia","type-noticia","status-publish","format-standard","has-post-thumbnail","hentry","categoria-actualitat-exposicions","categoria-actualitat-museus"],"acf":[],"_links":{"self":[{"href":"https:\/\/webdali.latempesta.eu\/ca\/wp-json\/wp\/v2\/noticia\/5073","targetHints":{"allow":["GET"]}}],"collection":[{"href":"https:\/\/webdali.latempesta.eu\/ca\/wp-json\/wp\/v2\/noticia"}],"about":[{"href":"https:\/\/webdali.latempesta.eu\/ca\/wp-json\/wp\/v2\/types\/noticia"}],"wp:featuredmedia":[{"embeddable":true,"href":"https:\/\/webdali.latempesta.eu\/ca\/wp-json\/wp\/v2\/media\/5074"}],"wp:attachment":[{"href":"https:\/\/webdali.latempesta.eu\/ca\/wp-json\/wp\/v2\/media?parent=5073"}],"wp:term":[{"taxonomy":"categoria-actualitat","embeddable":true,"href":"https:\/\/webdali.latempesta.eu\/ca\/wp-json\/wp\/v2\/categoria-actualitat?post=5073"}],"curies":[{"name":"wp","href":"https:\/\/api.w.org\/{rel}","templated":true}]}}