{"id":5103,"date":"2016-08-01T00:00:00","date_gmt":"2016-07-31T22:00:00","guid":{"rendered":"https:\/\/webdali.latempesta.eu\/noticia\/visites-guiades-al-teatre-museu-dali-de-nit\/"},"modified":"2016-08-01T00:00:00","modified_gmt":"2016-07-31T22:00:00","slug":"visites-guiades-al-teatre-museu-dali-de-nit","status":"publish","type":"noticia","link":"https:\/\/webdali.latempesta.eu\/ca\/fundacio-dali\/noticia\/visites-guiades-al-teatre-museu-dali-de-nit\/","title":{"rendered":"Visites guiades al Teatre-Museu Dal\u00ed de Nit"},"content":{"rendered":"<p><strong>NOVETAT<\/strong><\/p>\n<p><strong>Aquest estiu gaudiu de la m\u00e0gia del Teatre-Museu Dal\u00ed de Nit amb les nostres visites guiades.<\/strong><\/p>\n<p>Durant el per\u00edode del 30 de juliol al 31 d&#8217;agost de 2016, el Teatre-Museu Dal\u00ed ofereix visites guiades de dimecres a dissabte per poder descobrir l&#8217;obra surrealista m\u00e9s gran del m\u00f3n sota la llum de la lluna.<\/p>\n<p>Dilluns, Dimecres i Divendres <strong>22:30 h<\/strong> visites en castell\u00e0 i angl\u00e8s<\/p>\n<p>Dimarts, Dijous i Dissabte <strong>22:30 h<\/strong> visites en catal\u00e0 i franc\u00e8s<\/p>\n<p>Aforament limitat. 25 persones\/grup<\/p>\n<p>Reserveu directament al nostre <a href=\"https:\/\/webdali.latempesta.eu\/serveis\/entrades\/?cancel&amp;servei=IIN&amp;m=TMN\">web<\/a>.<\/p>\n","protected":false},"excerpt":{"rendered":"<p>NOVETAT Aquest estiu gaudiu de la m\u00e0gia del Teatre-Museu Dal\u00ed de Nit amb les nostres visites guiades. Durant el per\u00edode del 30 de juliol al 31 d&#8217;agost de 2016, el Teatre-Museu Dal\u00ed ofereix visites guiades de dimecres a dissabte per poder descobrir l&#8217;obra surrealista m\u00e9s gran del m\u00f3n sota la llum de la lluna. Dilluns, [&hellip;]<\/p>\n","protected":false},"featured_media":5104,"menu_order":0,"template":"","format":"standard","meta":{"_acf_changed":false,"_coblocks_attr":"","_coblocks_dimensions":"","_coblocks_responsive_height":"","_coblocks_accordion_ie_support":""},"categoria-actualitat":[77,79,80],"class_list":["post-5103","noticia","type-noticia","status-publish","format-standard","has-post-thumbnail","hentry","categoria-actualitat-activitats","categoria-actualitat-fundacio-gala-salvador-dali","categoria-actualitat-museus"],"acf":[],"_links":{"self":[{"href":"https:\/\/webdali.latempesta.eu\/ca\/wp-json\/wp\/v2\/noticia\/5103","targetHints":{"allow":["GET"]}}],"collection":[{"href":"https:\/\/webdali.latempesta.eu\/ca\/wp-json\/wp\/v2\/noticia"}],"about":[{"href":"https:\/\/webdali.latempesta.eu\/ca\/wp-json\/wp\/v2\/types\/noticia"}],"wp:featuredmedia":[{"embeddable":true,"href":"https:\/\/webdali.latempesta.eu\/ca\/wp-json\/wp\/v2\/media\/5104"}],"wp:attachment":[{"href":"https:\/\/webdali.latempesta.eu\/ca\/wp-json\/wp\/v2\/media?parent=5103"}],"wp:term":[{"taxonomy":"categoria-actualitat","embeddable":true,"href":"https:\/\/webdali.latempesta.eu\/ca\/wp-json\/wp\/v2\/categoria-actualitat?post=5103"}],"curies":[{"name":"wp","href":"https:\/\/api.w.org\/{rel}","templated":true}]}}