{"id":5123,"date":"2015-11-04T00:00:00","date_gmt":"2015-11-03T22:00:00","guid":{"rendered":"https:\/\/webdali.latempesta.eu\/noticia\/primer-premi-davicom-per-a-la-fundacio-dali\/"},"modified":"2025-05-19T12:46:06","modified_gmt":"2025-05-19T10:46:06","slug":"primer-premi-d-avicom-per-a-la-fundacio-dali","status":"publish","type":"noticia","link":"https:\/\/webdali.latempesta.eu\/ca\/fundacio-dali\/noticia\/primer-premi-d-avicom-per-a-la-fundacio-dali\/","title":{"rendered":"Primer premi d&#8217;AVICOM per a la Fundaci\u00f3 Dal\u00ed"},"content":{"rendered":"<p>La Fundaci\u00f3 Dal\u00ed informa que aquesta nit passada ha tornat a guanyar el primer premi internacional &#8220;Long Film Gold&#8221; en la categoria de llargmetratge que atorga AVICOM (Comit\u00e8 Internacional per l&#8217;audiovisual i les tecnologies de la imatge, secci\u00f3 audiovisual de l&#8217;ICOM). En aquesta ocasi\u00f3 la Fundaci\u00f3 Dal\u00ed hi ha presentat el documental Dal\u00ed, la darrera gran obra. Ha recollit el guard\u00f3 Llu\u00eds Pe\u00f1uelas, secretari general de la Fundaci\u00f3 Dal\u00ed, en una cerim\u00f2nia que ha tingut lloc al Museu Nacional Hongar\u00e8s, a Budapest, en el marc del FIAMP, Festival Internacional de l&#8217;Audiovisual i Multim\u00e8dia sobre Patrimoni i Museus, una competici\u00f3 que compta amb un jurat internacional d&#8217;experts que analitzen les millors produccions del m\u00f3n de la museologia.<\/p>\n<p>L&#8217;argumentaci\u00f3 del premi ha estat: &#8220;perqu\u00e8 aquest documental extraordinari no \u00e9s tan sols una visita virtual al museu Dal\u00ed sin\u00f3 que tamb\u00e9 mostra continguts que dif\u00edcilment es poden trobar en un sol suport&#8221;.<\/p>\n<p>Entre els finalistes hi havia dues produccions franceses &#8220;Beaux-Arts, effervescence dans la ville&#8221; i &#8220;Diego Velazquez ou le realisme sauvage&#8221;.<\/p>\n<p>L&#8217;any passat vam guanyar aquest mateix guard\u00f3 pel documental <em>Dal\u00ed-Pitxot. L&#8217;al\u00b7legoria de la mem\u00f2ria <\/em>produ\u00eft per la Fundaci\u00f3 Dal\u00ed i realitzat per DocDoc Films, un projecte audiovisual que es presentava en format DVD junt amb el cat\u00e0leg de l&#8217;exposici\u00f3 temporal que el Castell de P\u00fabol dedicava a Antoni Pitxot.<\/p>\n","protected":false},"excerpt":{"rendered":"<p>La Fundaci\u00f3 Dal\u00ed informa que aquesta nit passada ha tornat a guanyar el primer premi internacional &#8220;Long Film Gold&#8221; en la categoria de llargmetratge que atorga AVICOM (Comit\u00e8 Internacional per l&#8217;audiovisual i les tecnologies de la imatge, secci\u00f3 audiovisual de l&#8217;ICOM). En aquesta ocasi\u00f3 la Fundaci\u00f3 Dal\u00ed hi ha presentat el documental Dal\u00ed, la darrera [&hellip;]<\/p>\n","protected":false},"featured_media":5124,"menu_order":0,"template":"","format":"standard","meta":{"_acf_changed":false,"_coblocks_attr":"","_coblocks_dimensions":"","_coblocks_responsive_height":"","_coblocks_accordion_ie_support":""},"categoria-actualitat":[79],"class_list":["post-5123","noticia","type-noticia","status-publish","format-standard","has-post-thumbnail","hentry","categoria-actualitat-fundacio-gala-salvador-dali"],"acf":[],"_links":{"self":[{"href":"https:\/\/webdali.latempesta.eu\/ca\/wp-json\/wp\/v2\/noticia\/5123","targetHints":{"allow":["GET"]}}],"collection":[{"href":"https:\/\/webdali.latempesta.eu\/ca\/wp-json\/wp\/v2\/noticia"}],"about":[{"href":"https:\/\/webdali.latempesta.eu\/ca\/wp-json\/wp\/v2\/types\/noticia"}],"wp:featuredmedia":[{"embeddable":true,"href":"https:\/\/webdali.latempesta.eu\/ca\/wp-json\/wp\/v2\/media\/5124"}],"wp:attachment":[{"href":"https:\/\/webdali.latempesta.eu\/ca\/wp-json\/wp\/v2\/media?parent=5123"}],"wp:term":[{"taxonomy":"categoria-actualitat","embeddable":true,"href":"https:\/\/webdali.latempesta.eu\/ca\/wp-json\/wp\/v2\/categoria-actualitat?post=5123"}],"curies":[{"name":"wp","href":"https:\/\/api.w.org\/{rel}","templated":true}]}}