{"id":5138,"date":"2015-11-19T00:00:00","date_gmt":"2015-11-18T22:00:00","guid":{"rendered":"https:\/\/webdali.latempesta.eu\/noticia\/estrena-del-documental-dali-la-darrera-gran-obra\/"},"modified":"2015-11-19T00:00:00","modified_gmt":"2015-11-18T22:00:00","slug":"estrena-del-documental-dali-la-darrera-gran-obra","status":"publish","type":"noticia","link":"https:\/\/webdali.latempesta.eu\/ca\/fundacio-dali\/noticia\/estrena-del-documental-dali-la-darrera-gran-obra\/","title":{"rendered":"Estrena del documental &#8220;Dal\u00ed, la darrera gran obra&#8221;"},"content":{"rendered":"<p>Amics dels Museus Dal\u00ed, l&#8217;Ajuntament de Figueres i la Fundaci\u00f3 Dal\u00ed celebraran avui dijous a dos quarts de nou del vespre un homenatge p\u00fablic a Antoni Pitxot al Teatre Municipal JARD\u00cd de Figueres durant el qual s&#8217;estrenar\u00e0 en prim\u00edcia a Europa el documental <em>&#8220;Dal\u00ed, la darrera gran obra&#8221;. <\/em>\u00c9s una producci\u00f3 de la Fundaci\u00f3 Dal\u00ed i realitzaci\u00f3 de DocDoc Films.<\/p>\n<p>A l&#8217;acte intervindran\u00a0Carles Ayats, president d&#8217;Amics dels Museus Dal\u00ed, Llu\u00eds Pe\u00f1uelas, secretari general de la Fundaci\u00f3 Dal\u00ed, Montse Aguer, directora dels Museus Dal\u00ed i patrona de la Fundaci\u00f3 Dal\u00ed, David Pujol, director del documental, i Marta Felip, alcaldessa de Figueres.<\/p>\n<p>El documental est\u00e0 dirigit per David Pujol amb gui\u00f3 del mateix Pujol i de Montse Aguer i t\u00e9 una durada de 55 minuts.\u00a0Antoni Pitxot hi\u00a0t\u00e9 un paper preeminent i malauradament ha esdevingut la darrera gravaci\u00f3 de qui fou director del Teatre-Museu Dal\u00ed durant 41 anys.<\/p>\n<p>Aqu\u00ed en podeu veure el <a href=\"\/dali\/projectes-audiovisuals\/dali-darrera-gran-obra\/trailer\/\">tr\u00e0iler<\/a>.<\/p>\n","protected":false},"excerpt":{"rendered":"<p>Amics dels Museus Dal\u00ed, l&#8217;Ajuntament de Figueres i la Fundaci\u00f3 Dal\u00ed celebraran avui dijous a dos quarts de nou del vespre un homenatge p\u00fablic a Antoni Pitxot al Teatre Municipal JARD\u00cd de Figueres durant el qual s&#8217;estrenar\u00e0 en prim\u00edcia a Europa el documental &#8220;Dal\u00ed, la darrera gran obra&#8221;. \u00c9s una producci\u00f3 de la Fundaci\u00f3 Dal\u00ed [&hellip;]<\/p>\n","protected":false},"featured_media":5139,"menu_order":0,"template":"","format":"standard","meta":{"_acf_changed":false,"_coblocks_attr":"","_coblocks_dimensions":"","_coblocks_responsive_height":"","_coblocks_accordion_ie_support":""},"categoria-actualitat":[77,79],"class_list":["post-5138","noticia","type-noticia","status-publish","format-standard","has-post-thumbnail","hentry","categoria-actualitat-activitats","categoria-actualitat-fundacio-gala-salvador-dali"],"acf":[],"_links":{"self":[{"href":"https:\/\/webdali.latempesta.eu\/ca\/wp-json\/wp\/v2\/noticia\/5138","targetHints":{"allow":["GET"]}}],"collection":[{"href":"https:\/\/webdali.latempesta.eu\/ca\/wp-json\/wp\/v2\/noticia"}],"about":[{"href":"https:\/\/webdali.latempesta.eu\/ca\/wp-json\/wp\/v2\/types\/noticia"}],"wp:featuredmedia":[{"embeddable":true,"href":"https:\/\/webdali.latempesta.eu\/ca\/wp-json\/wp\/v2\/media\/5139"}],"wp:attachment":[{"href":"https:\/\/webdali.latempesta.eu\/ca\/wp-json\/wp\/v2\/media?parent=5138"}],"wp:term":[{"taxonomy":"categoria-actualitat","embeddable":true,"href":"https:\/\/webdali.latempesta.eu\/ca\/wp-json\/wp\/v2\/categoria-actualitat?post=5138"}],"curies":[{"name":"wp","href":"https:\/\/api.w.org\/{rel}","templated":true}]}}