{"id":5203,"date":"2016-04-26T00:00:00","date_gmt":"2016-04-25T22:00:00","guid":{"rendered":"https:\/\/webdali.latempesta.eu\/noticia\/ultims-dies-per-veure-lexposicio-dobra-inspirada-en-velazquez\/"},"modified":"2025-05-19T12:46:06","modified_gmt":"2025-05-19T10:46:06","slug":"ultims-dies-per-veure-l-exposicio-d-obra-inspirada-en-velazquez","status":"publish","type":"noticia","link":"https:\/\/webdali.latempesta.eu\/ca\/fundacio-dali\/noticia\/ultims-dies-per-veure-l-exposicio-d-obra-inspirada-en-velazquez\/","title":{"rendered":"\u00daltims dies per veure l&#8217;exposici\u00f3 d&#8217;obra inspirada en Vel\u00e1zquez"},"content":{"rendered":"<p>El 3 de maig ser\u00e0 el darrer dia per\u00a0veure l&#8217;exposici\u00f3\u00a0temporal <strong><em>Qu\u00e8 hi ha de nou? Vel\u00e1zquez <\/em><\/strong>a\u00a0la Sala de les Loggies del Teatre-Museu Dal\u00ed de Figueres.<\/p>\n<p>Vegeu-la en aquest <a href=\"https:\/\/www.youtube.com\/watch?v=i_9fq1MRN1Q\">v\u00eddeo<\/a>.<\/p>\n","protected":false},"excerpt":{"rendered":"<p>El 3 de maig ser\u00e0 el darrer dia per\u00a0veure l&#8217;exposici\u00f3\u00a0temporal Qu\u00e8 hi ha de nou? Vel\u00e1zquez a\u00a0la Sala de les Loggies del Teatre-Museu Dal\u00ed de Figueres. Vegeu-la en aquest v\u00eddeo.<\/p>\n","protected":false},"featured_media":5204,"menu_order":0,"template":"","format":"standard","meta":{"_acf_changed":false,"_coblocks_attr":"","_coblocks_dimensions":"","_coblocks_responsive_height":"","_coblocks_accordion_ie_support":""},"categoria-actualitat":[78,80],"class_list":["post-5203","noticia","type-noticia","status-publish","format-standard","has-post-thumbnail","hentry","categoria-actualitat-exposicions","categoria-actualitat-museus"],"acf":[],"_links":{"self":[{"href":"https:\/\/webdali.latempesta.eu\/ca\/wp-json\/wp\/v2\/noticia\/5203","targetHints":{"allow":["GET"]}}],"collection":[{"href":"https:\/\/webdali.latempesta.eu\/ca\/wp-json\/wp\/v2\/noticia"}],"about":[{"href":"https:\/\/webdali.latempesta.eu\/ca\/wp-json\/wp\/v2\/types\/noticia"}],"wp:featuredmedia":[{"embeddable":true,"href":"https:\/\/webdali.latempesta.eu\/ca\/wp-json\/wp\/v2\/media\/5204"}],"wp:attachment":[{"href":"https:\/\/webdali.latempesta.eu\/ca\/wp-json\/wp\/v2\/media?parent=5203"}],"wp:term":[{"taxonomy":"categoria-actualitat","embeddable":true,"href":"https:\/\/webdali.latempesta.eu\/ca\/wp-json\/wp\/v2\/categoria-actualitat?post=5203"}],"curies":[{"name":"wp","href":"https:\/\/api.w.org\/{rel}","templated":true}]}}