{"id":5208,"date":"2016-05-09T00:00:00","date_gmt":"2016-05-08T22:00:00","guid":{"rendered":"https:\/\/webdali.latempesta.eu\/noticia\/exposicio-de-somnis-passejos-nocturns-i-vivencies\/"},"modified":"2016-05-09T00:00:00","modified_gmt":"2016-05-08T22:00:00","slug":"exposicio-de-somnis-passejos-nocturns-i-vivencies","status":"publish","type":"noticia","link":"https:\/\/webdali.latempesta.eu\/ca\/fundacio-dali\/noticia\/exposicio-de-somnis-passejos-nocturns-i-vivencies\/","title":{"rendered":"Exposici\u00f3 De somnis, passejos nocturns i viv\u00e8ncies"},"content":{"rendered":"<p>Avui s&#8217;ha inaugurat una nova exposici\u00f3 temporal al Teatre-Museu Dal\u00ed de Figueres amb el t\u00edtol <strong><em>De somnis, passejos nocturns i viv\u00e8ncies<\/em><\/strong>. S&#8217;hi exposen 23 obres: 18 aiguades i 5 dibuixos amb una tem\u00e0tica en com\u00fa: l&#8217;\u00e8poca en qu\u00e8 Salvador Dal\u00ed va residir a Madrid entre els anys 1922 i 1926. D&#8217;aquestes peces en destaca la darrera obra adquirida per la Fundaci\u00f3, <em>Salvador Dal\u00ed i Maruja Mallo en el Caf\u00e9 de Oriente<\/em>, una aiguada de 1923.<\/p>\n<p>L&#8217;exposici\u00f3 es pot veure des del 10 de maig fins al 16 d&#8217;octubre d&#8217;enguany en una de les Sales de les Loggies. Aqu\u00ed teniu el <a href=\"https:\/\/www.youtube.com\/watch?v=IfPa7_ben8Y\">v\u00eddeo <\/a>de la presentaci\u00f3 als mitjans de comunicaci\u00f3.<\/p>\n<p><strong>Concepte i contingut<\/strong><\/p>\n<p>El 1922, un Dal\u00ed amb nom\u00e9s 18 anys, es trasllada a Madrid per iniciar els estudis a la Escuela Superior de Bellas Artes de San Fernando. S&#8217;instal\u00b7la a la Residencia de Estudiantes, on fa amistat amb un grup de joves estudiants -molts dels quals formaran part de la Generaci\u00f3 del 27- amb qui comparteix coneixement, amistat i tert\u00falies. <em>Salvador Dal\u00ed i Maruja Mallo en el Caf\u00e9 de Oriente<\/em>, obra inspirada en una d&#8217;aquestes vetllades, complementa aquesta s\u00e8rie d&#8217;aiguades, realitzades per Dal\u00ed entre els anys 1922-1923, on ens mostra els periples viscuts amb els seus companys de resid\u00e8ncia. Comen\u00e7a un nou per\u00edode a la vida i l&#8217;obra del futur pintor.<\/p>\n<p>Durant els primers mesos de l&#8217;estada a Madrid, Dal\u00ed visita sovint el Museu del Prado, on admira sobretot les obres de Vel\u00e1zquez, Goya i El Bosco. Pep\u00edn Bello inclou Dal\u00ed a la seva colla, un grup de joves que m\u00e9s endavant esdevindran destacades personalitats intel\u00b7lectuals i art\u00edstiques: Luis Bu\u00f1uel, Federico Garc\u00eda Lorca, Maruja Mallo, Rafael Barradas, entre d&#8217;altres.<\/p>\n<p>Dal\u00ed comen\u00e7a a freq\u00fcentar caf\u00e8s, bars i tavernes de moda de la ciutat. Canvia d&#8217;aspecte i de costums i acaba sent un dandi com els altres integrants de la Generaci\u00f3 del 27. Un clar testimoni d&#8217;aquells periples s\u00f3n els dibuixos i aiguades que es presenten en aquesta mostra.<\/p>\n<p><em><strong>Salvador Dal\u00ed i Maruja Mallo en el Caf\u00e9 de Oriente<\/strong><\/em><\/p>\n<p>La pe\u00e7a principal de l&#8217;exposici\u00f3 \u00e9s aquesta aiguada sobre paper de 1923 que va ser adquirida per la Fundaci\u00f3 Dal\u00ed en una subhasta. A la imatge veiem el pintor i Maruja Mallo al costat d&#8217;un tercer personatge fins ara no identificat. Ella \u00e9s una jove extravertida que trenca amb una societat cl\u00e0ssica i tradicional. \u00c9s l&#8217;\u00fanica dona que ingressa a la Real Academia de Bellas Artes de San Fernando al mateix curs que Dal\u00ed.<\/p>\n<p>L&#8217;estada de Dal\u00ed a Madrid entre 1922 i 1926 es veu truncada per diversos fets. L&#8217;any 1923 \u00e9s expulsat de l&#8217;Acad\u00e8mia de Belles Arts arran d&#8217;una protesta p\u00fablica per haver negat una pla\u00e7a de professor a Daniel V\u00e1zquez D\u00edaz. Durant aquesta expulsi\u00f3 estudia amb Francisco Bores, Moreno Villa i Benjam\u00edn Palencia a la Academia Libre, dirigida per Julio Mois\u00e9s. Potser pinta aqu\u00ed el Retrat de Luis Bu\u00f1uel. L&#8217;any 1924 \u00e9s empresonat a Girona per a dur a terme suposades activitats pol\u00edtiques liberals, i vint dies m\u00e9s tard \u00e9s posat en llibertat sense c\u00e0rrecs. El setembre del mateix any, s&#8217;incorpora de nou al curs de l&#8217;Acad\u00e8mia de Belles Arts i als periples nocturns de la ciutat. El curs de l&#8217;any 1926 \u00e9s expulsat definitivament de l&#8217;acad\u00e8mia ja que el pintor declara incompetent el tribunal examinador per avaluar els seus coneixements te\u00f2rics de belles arts. Durant les vacances escolars, Dal\u00ed torna a Figueres.<\/p>\n<p><strong>Muntatge<\/strong><\/p>\n<p>El muntatge de l&#8217;exposici\u00f3 ha estat dissenyat per Pep Canaleta de 3carme33 i el grafisme, per Alex Gifreu.<\/p>\n<p>El Servei Educatiu ha editat un breu cat\u00e0leg amb textos de Cuca R. Costa, coordinadora del CED, i la supervisi\u00f3 t\u00e8cnica de Montse Aguer.<\/p>\n","protected":false},"excerpt":{"rendered":"<p>Avui s&#8217;ha inaugurat una nova exposici\u00f3 temporal al Teatre-Museu Dal\u00ed de Figueres amb el t\u00edtol De somnis, passejos nocturns i viv\u00e8ncies. S&#8217;hi exposen 23 obres: 18 aiguades i 5 dibuixos amb una tem\u00e0tica en com\u00fa: l&#8217;\u00e8poca en qu\u00e8 Salvador Dal\u00ed va residir a Madrid entre els anys 1922 i 1926. D&#8217;aquestes peces en destaca la [&hellip;]<\/p>\n","protected":false},"featured_media":5212,"menu_order":0,"template":"","format":"standard","meta":{"_acf_changed":false,"_coblocks_attr":"","_coblocks_dimensions":"","_coblocks_responsive_height":"","_coblocks_accordion_ie_support":""},"categoria-actualitat":[78,80],"class_list":["post-5208","noticia","type-noticia","status-publish","format-standard","has-post-thumbnail","hentry","categoria-actualitat-exposicions","categoria-actualitat-museus"],"acf":[],"_links":{"self":[{"href":"https:\/\/webdali.latempesta.eu\/ca\/wp-json\/wp\/v2\/noticia\/5208","targetHints":{"allow":["GET"]}}],"collection":[{"href":"https:\/\/webdali.latempesta.eu\/ca\/wp-json\/wp\/v2\/noticia"}],"about":[{"href":"https:\/\/webdali.latempesta.eu\/ca\/wp-json\/wp\/v2\/types\/noticia"}],"wp:featuredmedia":[{"embeddable":true,"href":"https:\/\/webdali.latempesta.eu\/ca\/wp-json\/wp\/v2\/media\/5212"}],"wp:attachment":[{"href":"https:\/\/webdali.latempesta.eu\/ca\/wp-json\/wp\/v2\/media?parent=5208"}],"wp:term":[{"taxonomy":"categoria-actualitat","embeddable":true,"href":"https:\/\/webdali.latempesta.eu\/ca\/wp-json\/wp\/v2\/categoria-actualitat?post=5208"}],"curies":[{"name":"wp","href":"https:\/\/api.w.org\/{rel}","templated":true}]}}