{"id":5270,"date":"2017-03-02T00:00:00","date_gmt":"2017-03-01T22:00:00","guid":{"rendered":"https:\/\/webdali.latempesta.eu\/noticia\/la-fundacio-dali-compra-lobra-figura-de-perfil\/"},"modified":"2025-05-19T12:46:08","modified_gmt":"2025-05-19T10:46:08","slug":"la-fundacio-dali-compra-l-obra-figura-de-perfil","status":"publish","type":"noticia","link":"https:\/\/webdali.latempesta.eu\/ca\/fundacio-dali\/noticia\/la-fundacio-dali-compra-l-obra-figura-de-perfil\/","title":{"rendered":"La Fundaci\u00f3 Dal\u00ed compra l&#8217;obra Figura de perfil"},"content":{"rendered":"<p>La Fundaci\u00f3 Dal\u00ed ha comprat l&#8217;obra de l&#8217;artista titulada <em>Figura de perfil<\/em>, oli sobre cartr\u00f3 de l&#8217;any 1925. La pe\u00e7a ha estat subhastada a Bonhams Londres i el preu de martell ha estat d&#8217;1,8 milions d&#8217;euros.<\/p>\n<p>La Fundaci\u00f3 Dal\u00ed valora molt positivament aquesta incorporaci\u00f3 perqu\u00e8 contribueix a \u00a0enriquir tant la seva col\u00b7lecci\u00f3 com el coneixement de la t\u00e8cnica pict\u00f2rica de l&#8217;artista els anys previs a la seva adhesi\u00f3 al \u00a0grup surrealista. L&#8217;any 2009 la Fundaci\u00f3 ja va adquirir <em>Figura d&#8217;esquenes<\/em> de 1925 (n\u00fam. cat\u00e0leg raonat 148). Ambdues van participar en la primera exposici\u00f3 de Dal\u00ed a les Galeries Dalmau de Barcelona el novembre de 1925. Amb aquest retrat ja s\u00f3n 4 els olis amb Anna Maria com a protagonista que formen part de la col\u00b7lecci\u00f3 de la Fundaci\u00f3.<\/p>\n<p>L&#8217;esfor\u00e7 econ\u00f2mic que comporta aquesta adquisici\u00f3 compleix la voluntat i missi\u00f3 de la Fundaci\u00f3 Dal\u00ed de posar a l&#8217;abast del p\u00fablic pel seu gaudi obres mestres de Salvador Dal\u00ed. En el moment en qu\u00e8 es decideixi exposar-la al Teatre-Museu, es presentar\u00e0 als mitjans de comunicaci\u00f3.<\/p>\n","protected":false},"excerpt":{"rendered":"<p>La Fundaci\u00f3 Dal\u00ed ha comprat l&#8217;obra de l&#8217;artista titulada Figura de perfil, oli sobre cartr\u00f3 de l&#8217;any 1925. La pe\u00e7a ha estat subhastada a Bonhams Londres i el preu de martell ha estat d&#8217;1,8 milions d&#8217;euros. La Fundaci\u00f3 Dal\u00ed valora molt positivament aquesta incorporaci\u00f3 perqu\u00e8 contribueix a \u00a0enriquir tant la seva col\u00b7lecci\u00f3 com el coneixement [&hellip;]<\/p>\n","protected":false},"featured_media":5271,"menu_order":0,"template":"","format":"standard","meta":{"_acf_changed":false,"_coblocks_attr":"","_coblocks_dimensions":"","_coblocks_responsive_height":"","_coblocks_accordion_ie_support":""},"categoria-actualitat":[82,79],"class_list":["post-5270","noticia","type-noticia","status-publish","format-standard","has-post-thumbnail","hentry","categoria-actualitat-adquisicions","categoria-actualitat-fundacio-gala-salvador-dali"],"acf":[],"_links":{"self":[{"href":"https:\/\/webdali.latempesta.eu\/ca\/wp-json\/wp\/v2\/noticia\/5270","targetHints":{"allow":["GET"]}}],"collection":[{"href":"https:\/\/webdali.latempesta.eu\/ca\/wp-json\/wp\/v2\/noticia"}],"about":[{"href":"https:\/\/webdali.latempesta.eu\/ca\/wp-json\/wp\/v2\/types\/noticia"}],"wp:featuredmedia":[{"embeddable":true,"href":"https:\/\/webdali.latempesta.eu\/ca\/wp-json\/wp\/v2\/media\/5271"}],"wp:attachment":[{"href":"https:\/\/webdali.latempesta.eu\/ca\/wp-json\/wp\/v2\/media?parent=5270"}],"wp:term":[{"taxonomy":"categoria-actualitat","embeddable":true,"href":"https:\/\/webdali.latempesta.eu\/ca\/wp-json\/wp\/v2\/categoria-actualitat?post=5270"}],"curies":[{"name":"wp","href":"https:\/\/api.w.org\/{rel}","templated":true}]}}