{"id":5328,"date":"2017-06-26T00:00:00","date_gmt":"2017-06-25T22:00:00","guid":{"rendered":"https:\/\/webdali.latempesta.eu\/noticia\/la-fundacio-dali-recorrera-la-decisio-dexhumacio\/"},"modified":"2025-05-19T12:46:08","modified_gmt":"2025-05-19T10:46:08","slug":"la-fundacio-dali-recorrera-la-decisio-d-exhumacio","status":"publish","type":"noticia","link":"https:\/\/webdali.latempesta.eu\/ca\/fundacio-dali\/noticia\/la-fundacio-dali-recorrera-la-decisio-d-exhumacio\/","title":{"rendered":"La Fundaci\u00f3 Dal\u00ed recorrer\u00e0 la decisi\u00f3 d&#8217;exhumaci\u00f3"},"content":{"rendered":"<p>Vist el contingut de la decisi\u00f3 presa pel Jutjat de 1a Inst\u00e0ncia n\u00fam. 11 de Madrid el dia 20 de juny de 2017, mitjan\u00e7ant la qual s&#8217;ordena la exhumaci\u00f3 dels restes de Salvador Dal\u00ed per poder practicar la prova biol\u00f2gica d&#8217;investigaci\u00f3 de la paternitat de Pilar Abel, la Fundaci\u00f3 Dal\u00ed est\u00e0 preparant un recurs per oposar-se a la pr\u00e0ctica d&#8217;aquesta exhumaci\u00f3, recurs que ser\u00e0 presentat en els propers dies.<\/p>\n<p>El nostre equip jur\u00eddic intern juntament amb el despatx Roca Junyent, S.L.P. treballen en aquest recurs en coordinaci\u00f3 amb l&#8217;Advocat de l&#8217;Estat.<\/p>\n","protected":false},"excerpt":{"rendered":"<p>Vist el contingut de la decisi\u00f3 presa pel Jutjat de 1a Inst\u00e0ncia n\u00fam. 11 de Madrid el dia 20 de juny de 2017, mitjan\u00e7ant la qual s&#8217;ordena la exhumaci\u00f3 dels restes de Salvador Dal\u00ed per poder practicar la prova biol\u00f2gica d&#8217;investigaci\u00f3 de la paternitat de Pilar Abel, la Fundaci\u00f3 Dal\u00ed est\u00e0 preparant un recurs per [&hellip;]<\/p>\n","protected":false},"featured_media":5329,"menu_order":0,"template":"","format":"standard","meta":{"_acf_changed":false,"_coblocks_attr":"","_coblocks_dimensions":"","_coblocks_responsive_height":"","_coblocks_accordion_ie_support":""},"categoria-actualitat":[79],"class_list":["post-5328","noticia","type-noticia","status-publish","format-standard","has-post-thumbnail","hentry","categoria-actualitat-fundacio-gala-salvador-dali"],"acf":[],"_links":{"self":[{"href":"https:\/\/webdali.latempesta.eu\/ca\/wp-json\/wp\/v2\/noticia\/5328","targetHints":{"allow":["GET"]}}],"collection":[{"href":"https:\/\/webdali.latempesta.eu\/ca\/wp-json\/wp\/v2\/noticia"}],"about":[{"href":"https:\/\/webdali.latempesta.eu\/ca\/wp-json\/wp\/v2\/types\/noticia"}],"wp:featuredmedia":[{"embeddable":true,"href":"https:\/\/webdali.latempesta.eu\/ca\/wp-json\/wp\/v2\/media\/5329"}],"wp:attachment":[{"href":"https:\/\/webdali.latempesta.eu\/ca\/wp-json\/wp\/v2\/media?parent=5328"}],"wp:term":[{"taxonomy":"categoria-actualitat","embeddable":true,"href":"https:\/\/webdali.latempesta.eu\/ca\/wp-json\/wp\/v2\/categoria-actualitat?post=5328"}],"curies":[{"name":"wp","href":"https:\/\/api.w.org\/{rel}","templated":true}]}}