{"id":5447,"date":"2018-05-14T00:00:00","date_gmt":"2018-05-13T22:00:00","guid":{"rendered":"https:\/\/webdali.latempesta.eu\/noticia\/javier-godo-nou-patro-vitalici\/"},"modified":"2018-05-14T00:00:00","modified_gmt":"2018-05-13T22:00:00","slug":"javier-godo-nou-patro-vitalici","status":"publish","type":"noticia","link":"https:\/\/webdali.latempesta.eu\/ca\/fundacio-dali\/noticia\/javier-godo-nou-patro-vitalici\/","title":{"rendered":"Javier God\u00f3, nou patr\u00f3 vitalici"},"content":{"rendered":"<p>El Patronat de La Fundaci\u00f3 Gala-Salvador Dal\u00ed ha anomenat patr\u00f3 vitalici de l&#8217;entitat a Javier God\u00f3, editor de\u00a0<em>La Vanguardia<\/em>, en substituci\u00f3 de Ramon Boixad\u00f3s, traspassat l&#8217;agost de 2017.<\/p>\n<p>En proposar Javier God\u00f3 pel c\u00e0rrec,\u00a0el president de la Fundaci\u00f3, Jordi Mercader, ha subratllat\u00a0la seva traject\u00f2ria i responsabilitats actuals, que aportaran, ha dit, &#8220;un vincle amb activitats socials i culturals de gran rellevancia per la Fundaci\u00f3, tant a Catalunya com a la resta d&#8217;Espanya i a nivell internacional&#8221;.<\/p>\n<p>Javier God\u00f3 \u00e9s conseller del MACBA i ha estat conseller del Museu d&#8217;Art Modern de Nova York (MoMA). Una experi\u00e8ncia que, segons ha assenyalat Mercader a la reuni\u00f3 del Patronat, &#8216;pot ser molt \u00fatil en la nova etapa de la Fundaci\u00f3 Gala-Salvador Dal\u00cd&#8217;.<\/p>\n<p>El Patronat de la Fundaci\u00f3 Dal\u00ed est\u00e0 integrat per 21 membres, 12 dels quals s\u00f3n vitalicis i 9 s\u00f3n institucionals. D&#8217;aquests nou, tres s\u00f3n nomenats per la Generalitat de Catalunya, tres pel Govern espanyol, dos per l&#8217;Ajuntament de Figueres i un per l&#8217;Ajuntament de Cadaqu\u00e9s.<\/p>\n","protected":false},"excerpt":{"rendered":"<p>El Patronat de La Fundaci\u00f3 Gala-Salvador Dal\u00ed ha anomenat patr\u00f3 vitalici de l&#8217;entitat a Javier God\u00f3, editor de\u00a0La Vanguardia, en substituci\u00f3 de Ramon Boixad\u00f3s, traspassat l&#8217;agost de 2017. En proposar Javier God\u00f3 pel c\u00e0rrec,\u00a0el president de la Fundaci\u00f3, Jordi Mercader, ha subratllat\u00a0la seva traject\u00f2ria i responsabilitats actuals, que aportaran, ha dit, &#8220;un vincle amb activitats [&hellip;]<\/p>\n","protected":false},"featured_media":5448,"menu_order":0,"template":"","format":"standard","meta":{"_acf_changed":false,"_coblocks_attr":"","_coblocks_dimensions":"","_coblocks_responsive_height":"","_coblocks_accordion_ie_support":""},"categoria-actualitat":[79],"class_list":["post-5447","noticia","type-noticia","status-publish","format-standard","has-post-thumbnail","hentry","categoria-actualitat-fundacio-gala-salvador-dali"],"acf":[],"_links":{"self":[{"href":"https:\/\/webdali.latempesta.eu\/ca\/wp-json\/wp\/v2\/noticia\/5447","targetHints":{"allow":["GET"]}}],"collection":[{"href":"https:\/\/webdali.latempesta.eu\/ca\/wp-json\/wp\/v2\/noticia"}],"about":[{"href":"https:\/\/webdali.latempesta.eu\/ca\/wp-json\/wp\/v2\/types\/noticia"}],"wp:featuredmedia":[{"embeddable":true,"href":"https:\/\/webdali.latempesta.eu\/ca\/wp-json\/wp\/v2\/media\/5448"}],"wp:attachment":[{"href":"https:\/\/webdali.latempesta.eu\/ca\/wp-json\/wp\/v2\/media?parent=5447"}],"wp:term":[{"taxonomy":"categoria-actualitat","embeddable":true,"href":"https:\/\/webdali.latempesta.eu\/ca\/wp-json\/wp\/v2\/categoria-actualitat?post=5447"}],"curies":[{"name":"wp","href":"https:\/\/api.w.org\/{rel}","templated":true}]}}