{"id":5477,"date":"2018-10-09T00:00:00","date_gmt":"2018-10-08T22:00:00","guid":{"rendered":"https:\/\/webdali.latempesta.eu\/noticia\/el-teatre-museu-dali-organitza-una-exposicio-i-un-programa-dactivitats-entorn-a-dali-i-rafael\/"},"modified":"2025-05-19T12:46:08","modified_gmt":"2025-05-19T10:46:08","slug":"el-teatre-museu-dali-organitza-una-exposicio-i-un-programa-d-activitats-entorn-a-dali-i-rafael","status":"publish","type":"noticia","link":"https:\/\/webdali.latempesta.eu\/ca\/fundacio-dali\/noticia\/el-teatre-museu-dali-organitza-una-exposicio-i-un-programa-d-activitats-entorn-a-dali-i-rafael\/","title":{"rendered":"El Teatre-Museu Dal\u00ed organitza una exposici\u00f3 i un programa d\u2019activitats entorn a Dal\u00ed i Rafael"},"content":{"rendered":"<p><strong>La inauguraci\u00f3 comptar\u00e0 amb un di\u00e0leg entre el director del Museo del Prado, Miguel Falomir, el pintor Antonio L\u00f3pez i Montse Aguer, directora dels Museus Dal\u00ed<\/strong><\/p>\n<p><em>Dal\u00ed-Rafael, un somieig prolongat<\/em> \u00e9s el t\u00edtol de l&#8217;exposici\u00f3 que la Fundaci\u00f3 Gala-Salvador Dal\u00ed inaugurar\u00e0 el dilluns 26 de novembre, amb motiu del pr\u00e9stec temporal de l&#8217;obra de Rafael <em>Verge de la rosa <\/em>(c. 1517), provinent del Museo del Prado.<\/p>\n<p>La inauguraci\u00f3 comptar\u00e0 amb la pres\u00e8ncia del president de la Fundaci\u00f3 Dal\u00ed, Jordi Mercader, i del director del Prado, Miguel Falomir, qui dialogar\u00e0 sobre Dal\u00ed i la pintura amb Antonio L\u00f3pez, pintor, i amb Montse Aguer, directora dels Museus Dal\u00ed.<\/p>\n<p>A m\u00e9s de l&#8217;espectacular obra de Rafael i d&#8217;un oli de Salvador Dal\u00ed de l&#8217;\u00e8poca m\u00edstico-nuclear, <em>L&#8217;Ascensi\u00f3 de Santa Cec\u00edlia<\/em>, s&#8217;hi podran veure dibuixos i material documental, algun d&#8217;in\u00e8dit. La mostra es visitar\u00e0 del 27 de novembre al 6 de gener de 2019, data en qu\u00e8 la <em>Verge<\/em> de Rafael tornar\u00e0 al Museo del Prado i ser\u00e0 substitu\u00efda per una obra de Dal\u00ed, en qu\u00e8 l&#8217;admiraci\u00f3 de Rafael tamb\u00e9 hi \u00e9s present. L&#8217;exposici\u00f3 seguir\u00e0 durant tot el 2019 amb la resta de continguts que exploren la influ\u00e8ncia del mestre del Renaixement en l&#8217;obra daliniana.<\/p>\n<p>La comiss\u00e0ria de la mostra \u00e9s Montse Aguer, directora dels Museus Dal\u00ed, i les coordinadores s\u00f3n Fiona Mata i Lucia Moni, del Centre d&#8217;Estudis Dalinians.<\/p>\n<p>A partir de la recerca que s&#8217;ha dut a terme amb motiu d&#8217;aquest pr\u00e9stec, s&#8217;editar\u00e0 una publicaci\u00f3 divulgativa i, en suport digital, contingut monogr\u00e0fic a la web de la Fundaci\u00f3 sobre la relaci\u00f3 entre Dal\u00ed i Rafael.<\/p>\n<p>A m\u00e9s a m\u00e9s, s&#8217;ha dissenyat un programa d&#8217;activitats complement\u00e0ries que relacionem cronol\u00f2gicament:<\/p>\n<ol>\n<li><strong>Taller de Nadal rafaelesc<\/strong> per a nens i nenes de 6 a 12 anys. Dissabtes 15 i 22 de desembre a les 11h. Es proposa investigar algunes de les t\u00e8cniques del pintor del Renaixement itali\u00e0, entre elles, l&#8217;\u00fas de la geometria sagrada i la proporci\u00f3 \u00e0uria. Se suggerir\u00e0 als participants que cre\u00efn una obra tenint en compte aquests preceptes.<br \/>\n\t\u00a0<\/li>\n<li><strong>Visita per a docents<\/strong> <em>Itinerari Dal\u00ed\/Rafael.<\/em> Dissabte 22 desembre a les 12h. Activitat gratu\u00efta.<br \/>\n\t\u00a0<\/li>\n<li>pel Teatre-Museu Dal\u00ed de la m\u00e0 de <strong>l&#8217;escriptor Vicen\u00e7 Pag\u00e8s<\/strong>, a trav\u00e9s de l&#8217;obra escrita de Salvador Dal\u00ed <em>El mite tr\u00e0gic de L&#8217;\u00c0ngelus de Millet<\/em>. Dijous 27 de desembre a les 18h. Activitat gratu\u00efta.<br \/>\n\t\u00a0<\/li>\n<li><strong>Visita guiada<\/strong> a l&#8217;exposici\u00f3 de la m\u00e0 del <strong>Centre d&#8217;Estudis Dalinians<\/strong>. Divendres 4 de gener a les 12h.<br \/>\n\t\u00a0<\/li>\n<li><strong>Visita guiada familiar<\/strong> <em>Dal\u00ed div\u00ed Rafael. <\/em>Dissabte 5 gener a les 12h.<\/li>\n<\/ol>\n<p>Les places s\u00f3n limitades.<\/p>\n","protected":false},"excerpt":{"rendered":"<p>La inauguraci\u00f3 comptar\u00e0 amb un di\u00e0leg entre el director del Museo del Prado, Miguel Falomir, el pintor Antonio L\u00f3pez i Montse Aguer, directora dels Museus Dal\u00ed Dal\u00ed-Rafael, un somieig prolongat \u00e9s el t\u00edtol de l&#8217;exposici\u00f3 que la Fundaci\u00f3 Gala-Salvador Dal\u00ed inaugurar\u00e0 el dilluns 26 de novembre, amb motiu del pr\u00e9stec temporal de l&#8217;obra de Rafael [&hellip;]<\/p>\n","protected":false},"featured_media":5480,"menu_order":0,"template":"","format":"standard","meta":{"_acf_changed":false,"_coblocks_attr":"","_coblocks_dimensions":"","_coblocks_responsive_height":"","_coblocks_accordion_ie_support":""},"categoria-actualitat":[],"class_list":["post-5477","noticia","type-noticia","status-publish","format-standard","has-post-thumbnail","hentry"],"acf":[],"_links":{"self":[{"href":"https:\/\/webdali.latempesta.eu\/ca\/wp-json\/wp\/v2\/noticia\/5477","targetHints":{"allow":["GET"]}}],"collection":[{"href":"https:\/\/webdali.latempesta.eu\/ca\/wp-json\/wp\/v2\/noticia"}],"about":[{"href":"https:\/\/webdali.latempesta.eu\/ca\/wp-json\/wp\/v2\/types\/noticia"}],"wp:featuredmedia":[{"embeddable":true,"href":"https:\/\/webdali.latempesta.eu\/ca\/wp-json\/wp\/v2\/media\/5480"}],"wp:attachment":[{"href":"https:\/\/webdali.latempesta.eu\/ca\/wp-json\/wp\/v2\/media?parent=5477"}],"wp:term":[{"taxonomy":"categoria-actualitat","embeddable":true,"href":"https:\/\/webdali.latempesta.eu\/ca\/wp-json\/wp\/v2\/categoria-actualitat?post=5477"}],"curies":[{"name":"wp","href":"https:\/\/api.w.org\/{rel}","templated":true}]}}