{"id":5511,"date":"2019-04-08T00:00:00","date_gmt":"2019-04-07T22:00:00","guid":{"rendered":"https:\/\/webdali.latempesta.eu\/noticia\/la-fundacio-presenta-el-primer-tram-del-cataleg-raonat-descultures\/"},"modified":"2025-05-19T12:46:09","modified_gmt":"2025-05-19T10:46:09","slug":"la-fundacio-presenta-el-primer-tram-del-cataleg-raonat-d-escultures","status":"publish","type":"noticia","link":"https:\/\/webdali.latempesta.eu\/ca\/fundacio-dali\/noticia\/la-fundacio-presenta-el-primer-tram-del-cataleg-raonat-d-escultures\/","title":{"rendered":"La Fundaci\u00f3 presenta el primer tram del Cat\u00e0leg Raonat d&#8217;Escultures"},"content":{"rendered":"<p>Avui a les 11 del mat\u00ed a la Sala Gaud\u00ed de La Pedrera, Barcelona, s&#8217;ha presentat el primer tram del Cat\u00e0leg Raonat d&#8217;Escultura i Obra tridimensional de Salvador Dal\u00ed. A l&#8217;acte hi han participat Jordi Mercader, president de la Fundaci\u00f3 Dal\u00ed, Montse Aguer, directora dels Museus Dal\u00ed, Laura Bartolom\u00e9, curadora de la Fundaci\u00f3 Dal\u00ed, i Clara Silvestre, coordinadora del Centre d&#8217;Estudis Dalinians.<\/p>\n<p>Es tracta d&#8217;un cat\u00e0leg d&#8217;atribuci\u00f3 que inclou 34 obres originals de Dal\u00ed dels anys 1931-1936, algunes de les quals es poden considerar in\u00e8dites. Aquest conjunt d&#8217;obres perfilen un primer itinerari de l&#8217;obra escult\u00f2rica de Dal\u00ed, que es contextualitza dins el per\u00edode surrealista.<\/p>\n","protected":false},"excerpt":{"rendered":"<p>Avui a les 11 del mat\u00ed a la Sala Gaud\u00ed de La Pedrera, Barcelona, s&#8217;ha presentat el primer tram del Cat\u00e0leg Raonat d&#8217;Escultura i Obra tridimensional de Salvador Dal\u00ed. A l&#8217;acte hi han participat Jordi Mercader, president de la Fundaci\u00f3 Dal\u00ed, Montse Aguer, directora dels Museus Dal\u00ed, Laura Bartolom\u00e9, curadora de la Fundaci\u00f3 Dal\u00ed, i [&hellip;]<\/p>\n","protected":false},"featured_media":5514,"menu_order":0,"template":"","format":"standard","meta":{"_acf_changed":false,"_coblocks_attr":"","_coblocks_dimensions":"","_coblocks_responsive_height":"","_coblocks_accordion_ie_support":""},"categoria-actualitat":[79,81],"class_list":["post-5511","noticia","type-noticia","status-publish","format-standard","has-post-thumbnail","hentry","categoria-actualitat-fundacio-gala-salvador-dali","categoria-actualitat-publicacions"],"acf":[],"_links":{"self":[{"href":"https:\/\/webdali.latempesta.eu\/ca\/wp-json\/wp\/v2\/noticia\/5511","targetHints":{"allow":["GET"]}}],"collection":[{"href":"https:\/\/webdali.latempesta.eu\/ca\/wp-json\/wp\/v2\/noticia"}],"about":[{"href":"https:\/\/webdali.latempesta.eu\/ca\/wp-json\/wp\/v2\/types\/noticia"}],"wp:featuredmedia":[{"embeddable":true,"href":"https:\/\/webdali.latempesta.eu\/ca\/wp-json\/wp\/v2\/media\/5514"}],"wp:attachment":[{"href":"https:\/\/webdali.latempesta.eu\/ca\/wp-json\/wp\/v2\/media?parent=5511"}],"wp:term":[{"taxonomy":"categoria-actualitat","embeddable":true,"href":"https:\/\/webdali.latempesta.eu\/ca\/wp-json\/wp\/v2\/categoria-actualitat?post=5511"}],"curies":[{"name":"wp","href":"https:\/\/api.w.org\/{rel}","templated":true}]}}