{"id":5601,"date":"2021-03-27T00:00:00","date_gmt":"2021-03-26T22:00:00","guid":{"rendered":"https:\/\/webdali.latempesta.eu\/noticia\/els-museus-dali-reobren-el-27-de-marc\/"},"modified":"2021-03-27T00:00:00","modified_gmt":"2021-03-26T22:00:00","slug":"els-museus-dali-reobren-el-27-de-marc","status":"publish","type":"noticia","link":"https:\/\/webdali.latempesta.eu\/ca\/fundacio-dali\/noticia\/els-museus-dali-reobren-el-27-de-marc\/","title":{"rendered":"Els Museus Dal\u00ed reobren el 27 de mar\u00e7"},"content":{"rendered":"<p>Dissabte 27 de mar\u00e7, els tres museus del Triangle Dalini\u00e0 (Figueres, P\u00fabol i Portlligat) reobriran les seves portes despr\u00e9s d&#8217;uns mesos d&#8217;afectaci\u00f3 de la seva activitat degut a les restriccions de mobilitat imposades per les autoritats sanit\u00e0ries.<\/p>\n<p>La reobertura es far\u00e0 de manera esglaonada, amb la intenci\u00f3 de recuperar plenament el seu horari habitual (de dimarts a diumenge) a partir de l&#8217;1 de juny.<\/p>\n<p>Excepcionalment, des del 27 de mar\u00e7 fins a Setmana Santa (dilluns 5 d&#8217;abril incl\u00f2s) els tres museus seran oberts cada dia.<\/p>\n<p>Del 7 d&#8217;abril al 31 de maig, nom\u00e9s obriran de dimecres a diumenge.<\/p>\n<p>A partir de l&#8217;1 de juny recuperaran l&#8217;horari habitual, tancant nom\u00e9s els dilluns.<\/p>\n<p>Fins que no es recuperi el calendari habitual, l&#8217;horari del Teatre-Museu Dal\u00ed (Figueres) i el Castell Gala Dal\u00ed de P\u00fabol ser\u00e0 de 10:30h a 15h, mentre que el de la Casa Salvador Dal\u00ed (Portlligat) ser\u00e0 de 10:30 a 18h.<\/p>\n<p>Atesos els l\u00edmits d&#8217;aforament per les mesures sanit\u00e0ries, caldr\u00e0 fer reserva pr\u00e8via en tots tres recintes.<\/p>\n<p>Recordem que al Teatre-Museu de Figueres es pot veure l&#8217;exposici\u00f3 <strong><em>Dal\u00ed: el surrealisme soc jo. Paisatges fora del temps<\/em><\/strong>, que mostra 12 obres clau del per\u00edode surrealista de Salvador Dal\u00ed que no s&#8217;havien exposat mai juntes a Figueres. En el per\u00edode de tancament dels Museus, s&#8217;ha aprofundit en tasques d&#8217;investigaci\u00f3, la qual cosa \u00a0ens permet afegir a la mostra cinc noves obres, molt poc conegudes, de la s\u00e8rie <strong><em>Memories of Surrealism<\/em><\/strong>, una edici\u00f3 limitada d&#8217;obra gr\u00e0fica que data de 1971. S\u00f3n obres for\u00e7a desconegudes que reflecteixen com el surrealisme \u00e9s present al llarg de la traject\u00f2ria de Dal\u00ed. Mostren tamb\u00e9 el pensament d&#8217;una \u00e8poca vibrant que es correspon amb el moviment Hippy, que Dal\u00ed capta amb imatges de la seva iconografia personal, transformant-les en testimonis d&#8217;un per\u00edode marcat per un esperit lliure i d&#8217;horitzons infinits.<\/p>\n<p>Tamb\u00e9 es mant\u00e9 l&#8217;exposici\u00f3 del Castell Gala Dal\u00ed de P\u00fabol, <strong><em>Gala.Dal\u00ed.Dior. D&#8217;art i de moda<\/em><\/strong>.<\/p>\n<p>La casa Salvador Dal\u00ed de Portlligat compta, a m\u00e9s dels espais on Dal\u00ed va crear moltes de les seves obres, amb l&#8217;antic garatge dels Dal\u00ed que s&#8217;ha reconvertit en una sala d&#8217;audiovisuals. Actualment s&#8217;hi projecta un fragment de 20 minuts del documental La vida secreta de Portlligat. La casa de Salvador Dal\u00ed, produ\u00eft per la Fundaci\u00f3 Dal\u00ed i realitzat per DocDoc Films i dirigit per David Pujol.<\/p>\n<p>La Fundaci\u00f3 mant\u00e9 estrictes mesures sanit\u00e0ries, certificades per Applus, per complir la normativa d&#8217;aforament, amb un recorregut unidireccional, i control dels visitants d&#8217;acord amb les normes sanit\u00e0ries. Per tal de facilitar l&#8217;acc\u00e9s i la visita, es recomana adquirir l&#8217;entrada per internet i portar-la al m\u00f2bil.<\/p>\n","protected":false},"excerpt":{"rendered":"<p>Dissabte 27 de mar\u00e7, els tres museus del Triangle Dalini\u00e0 (Figueres, P\u00fabol i Portlligat) reobriran les seves portes despr\u00e9s d&#8217;uns mesos d&#8217;afectaci\u00f3 de la seva activitat degut a les restriccions de mobilitat imposades per les autoritats sanit\u00e0ries. La reobertura es far\u00e0 de manera esglaonada, amb la intenci\u00f3 de recuperar plenament el seu horari habitual (de [&hellip;]<\/p>\n","protected":false},"featured_media":5604,"menu_order":0,"template":"","format":"standard","meta":{"_acf_changed":false,"_coblocks_attr":"","_coblocks_dimensions":"","_coblocks_responsive_height":"","_coblocks_accordion_ie_support":""},"categoria-actualitat":[79,80],"class_list":["post-5601","noticia","type-noticia","status-publish","format-standard","has-post-thumbnail","hentry","categoria-actualitat-fundacio-gala-salvador-dali","categoria-actualitat-museus"],"acf":[],"_links":{"self":[{"href":"https:\/\/webdali.latempesta.eu\/ca\/wp-json\/wp\/v2\/noticia\/5601","targetHints":{"allow":["GET"]}}],"collection":[{"href":"https:\/\/webdali.latempesta.eu\/ca\/wp-json\/wp\/v2\/noticia"}],"about":[{"href":"https:\/\/webdali.latempesta.eu\/ca\/wp-json\/wp\/v2\/types\/noticia"}],"wp:featuredmedia":[{"embeddable":true,"href":"https:\/\/webdali.latempesta.eu\/ca\/wp-json\/wp\/v2\/media\/5604"}],"wp:attachment":[{"href":"https:\/\/webdali.latempesta.eu\/ca\/wp-json\/wp\/v2\/media?parent=5601"}],"wp:term":[{"taxonomy":"categoria-actualitat","embeddable":true,"href":"https:\/\/webdali.latempesta.eu\/ca\/wp-json\/wp\/v2\/categoria-actualitat?post=5601"}],"curies":[{"name":"wp","href":"https:\/\/api.w.org\/{rel}","templated":true}]}}