{"id":5646,"date":"2021-11-26T00:00:00","date_gmt":"2021-11-25T22:00:00","guid":{"rendered":"https:\/\/webdali.latempesta.eu\/noticia\/inaugurada-la-primera-exposicio-de-dali-a-corea\/"},"modified":"2021-11-26T00:00:00","modified_gmt":"2021-11-25T22:00:00","slug":"inaugurada-la-primera-exposicio-de-dali-a-corea","status":"publish","type":"noticia","link":"https:\/\/webdali.latempesta.eu\/ca\/fundacio-dali\/noticia\/inaugurada-la-primera-exposicio-de-dali-a-corea\/","title":{"rendered":"Inaugurada la primera exposici\u00f3 de Dal\u00ed a Corea"},"content":{"rendered":"<p>Avui s&#8217;ha inaugurat la primera gran exposici\u00f3 d&#8217;obra original de Salvador Dal\u00ed a\u00a0Corea del Sud. La mostra, titulada <strong><em>Salvador Dal\u00ed, Imagination and Reality<\/em><\/strong>, que compta amb un centenar d&#8217;obres, s&#8217;exposa al centre Dongdaemun Digital Plaza (DDP), un edifici dissenyat per la prestigiosa arquitecta iraquiana Zaha Hadid i la firma coreana Samoo, i que ha esdevingut un dels espais ic\u00f2nics de Se\u00fcl.<\/p>\n<p>La Fundaci\u00f3 Dal\u00ed ha col\u00b7laborat en aquesta retrospectiva prestant 42 obres del seu fons, i assumint-ne el comissariat, que ha anat a c\u00e0rrec de Montse Aguer, directora dels Museus Dal\u00ed, amb Carme Ruiz com a comiss\u00e0ria adjunta. A l&#8217;acte inaugural hi han assistit, per part de la Fundaci\u00f3 Dal\u00ed, Joan Manuel Sevillano, gerent, F\u00e8lix Roca, director Econ\u00f2mic i de Recursos, i Carme Ruiz, curadora en cap. Aix\u00ed mateix ha comptat amb la pres\u00e8ncia de l&#8217;Ambaixador espanyol a Corea, Juan Ignacio Morro Villaci\u00e1n.<\/p>\n<p>L&#8217;exposici\u00f3, organitzada pel grup core\u00e0 GNC Media,\u00a0es podr\u00e0 veure fins al 20 de mar\u00e7 de 2022. \u00c9s la primera vegada que la Fundaci\u00f3 Dal\u00ed porta obra a aquest pa\u00eds asi\u00e0tic, participant en una \u00e0mplia retrospectiva junt amb el Museu Reina Sof\u00eda de Madrid i el Museu Dal\u00ed de Sant Petersburg, Florida.<\/p>\n<p>A trav\u00e9s de nou \u00e0mbits, l&#8217;exposici\u00f3 posa de manifest com Dal\u00ed sost\u00e9 que l&#8217;art ha de dominar les nostres vides i procurar-nos experi\u00e8ncies surrealistes. La mostra que s&#8217;exhibeix a Se\u00fcl tamb\u00e9 ressalta el paper de Gala, la for\u00e7a del paisatge en la vida i obra de Dal\u00ed o aquells elements simb\u00f2lics de l&#8217;obra daliniana que han esdevingut ic\u00f2nics.<\/p>\n<p>La selecci\u00f3 consta d&#8217;un centenar de peces, des dels primers assajos d&#8217;un Dal\u00ed aprenent de pintor, fins a pintures de plena maduresa. Algunes de les obres que prenen com a referents grans mestres com Picasso, Vel\u00e1zquez o els renaixentistes Miquel \u00c0ngel o Bernini, es contextualitzen amb reproduccions de les seves fonts d&#8217;inspiraci\u00f3 per aix\u00ed mostrar com Dal\u00ed beu de la tradici\u00f3 per\u00f2 alhora la q\u00fcestiona. El contingut es completa amb fotografies, obra gr\u00e0fica, la projecci\u00f3 de tres pel\u00b7l\u00edcules i del projecte immersiu Dreams of Dal\u00ed creat pel Museu Dal\u00ed de Florida. Els documents cinematogr\u00e0fics que s&#8217;inclouen en el projecte expositiu s\u00f3n Un chien andalou de Salvador Dal\u00ed i Luis Bu\u00f1uel, Spellbound d&#8217;Alfred Hitchcock i Destino de Walt Disney.<\/p>\n<p>El recorregut conclou en una sala dedicada a la faceta llegend\u00e0ria de Dal\u00ed mitjan\u00e7ant un patchwork de fotografies on es pot veure el pintor acompanyat de celebrities com Christian Dior, Coco Channel, Andy Warhol, Harpo Marx, Alice Cooper o Walt Disney, entre d&#8217;altres.<\/p>\n<p>GNC Media (Global Network of Culture) \u00e9s un grup d&#8217;empreses coreanes nascudes el 1993 amb l&#8217;objectiu de facilitar l&#8217;intercanvi cultural en l&#8217;\u00e0mbit internacional. Treballa en la gesti\u00f3 de drets d&#8217;artistes (SACK), disposa d&#8217;un important banc d&#8217;imatges i publica llibres d&#8217;art, i ha col\u00b7laborat amb prestigiosos museus com la R\u00e9union des Mus\u00e9es Nationaux de France, el Louvre, o el MoMA de Nova York per portar a Corea obra dels grans referents occidentals<\/p>\n","protected":false},"excerpt":{"rendered":"<p>Avui s&#8217;ha inaugurat la primera gran exposici\u00f3 d&#8217;obra original de Salvador Dal\u00ed a\u00a0Corea del Sud. La mostra, titulada Salvador Dal\u00ed, Imagination and Reality, que compta amb un centenar d&#8217;obres, s&#8217;exposa al centre Dongdaemun Digital Plaza (DDP), un edifici dissenyat per la prestigiosa arquitecta iraquiana Zaha Hadid i la firma coreana Samoo, i que ha esdevingut [&hellip;]<\/p>\n","protected":false},"featured_media":5647,"menu_order":0,"template":"","format":"standard","meta":{"_acf_changed":false,"_coblocks_attr":"","_coblocks_dimensions":"","_coblocks_responsive_height":"","_coblocks_accordion_ie_support":""},"categoria-actualitat":[78,79],"class_list":["post-5646","noticia","type-noticia","status-publish","format-standard","has-post-thumbnail","hentry","categoria-actualitat-exposicions","categoria-actualitat-fundacio-gala-salvador-dali"],"acf":[],"_links":{"self":[{"href":"https:\/\/webdali.latempesta.eu\/ca\/wp-json\/wp\/v2\/noticia\/5646","targetHints":{"allow":["GET"]}}],"collection":[{"href":"https:\/\/webdali.latempesta.eu\/ca\/wp-json\/wp\/v2\/noticia"}],"about":[{"href":"https:\/\/webdali.latempesta.eu\/ca\/wp-json\/wp\/v2\/types\/noticia"}],"wp:featuredmedia":[{"embeddable":true,"href":"https:\/\/webdali.latempesta.eu\/ca\/wp-json\/wp\/v2\/media\/5647"}],"wp:attachment":[{"href":"https:\/\/webdali.latempesta.eu\/ca\/wp-json\/wp\/v2\/media?parent=5646"}],"wp:term":[{"taxonomy":"categoria-actualitat","embeddable":true,"href":"https:\/\/webdali.latempesta.eu\/ca\/wp-json\/wp\/v2\/categoria-actualitat?post=5646"}],"curies":[{"name":"wp","href":"https:\/\/api.w.org\/{rel}","templated":true}]}}