{"id":5651,"date":"2021-11-23T00:00:00","date_gmt":"2021-11-22T22:00:00","guid":{"rendered":"https:\/\/webdali.latempesta.eu\/noticia\/avicom-premia-amb-lor-el-documentals-dels-anys-joves-de-dali\/"},"modified":"2025-05-19T12:46:10","modified_gmt":"2025-05-19T10:46:10","slug":"avicom-premia-amb-l-or-el-documentals-dels-anys-joves-de-dali","status":"publish","type":"noticia","link":"https:\/\/webdali.latempesta.eu\/ca\/fundacio-dali\/noticia\/avicom-premia-amb-l-or-el-documentals-dels-anys-joves-de-dali\/","title":{"rendered":"AVICOM premia amb l&#8217;Or el documentals dels anys joves de Dal\u00ed"},"content":{"rendered":"<p>El documental <em><strong>Salvador Dal\u00ed. Diaris de Joventut. 1904-1929<\/strong><\/em>, produ\u00eft per la Fundaci\u00f3 Gala-Salvador Dal\u00ed, realitzat per DocDoc Films\u00a0i dirigit per David Pujol, ha estat guardonat amb el prestigi\u00f3s <em>Medium-length Film Gold <\/em>(Premi d&#8217;Or en la categoria de migmetratge) en l&#8217;edici\u00f3 2020 del F@IMP Festival (Festival of Audiovisual International Multimedia Patrimony) organitzat per AVICOM, la secci\u00f3 audiovisual de l&#8217;ICOM. La cerim\u00f2nia de l&#8217;entrega de premis s&#8217;havia posposat a causa de la pand\u00e8mia. Finalment Finalment s&#8217;ha pogut celebrar aquesta nit en format h\u00edbrid presencial i telem\u00e0tic des del Museu Nacional Hongar\u00e8s, a Budapest.\u00a0El documental\u00a0abra\u00e7a des del naixement de Salvador Dal\u00ed, l&#8217;any 1904, fins al 1929, quan Figueres, Barcelona, Madrid i Par\u00eds esdevenen les geografies i les escenografies del geni empordan\u00e8s.<\/p>\n<p>El fil argumental del documental es basa en l&#8217;autobiografia <em>La Vida Secreta de Salvador Dal\u00ed<\/em>. Mostrant documentaci\u00f3 profusa sobre Dal\u00ed i la seva obra, alguna in\u00e8dita, explica aspectes claus del jove pintor: la seva infantesa,\u00a0marcada per la mort del seu germ\u00e0, els primers estudis d&#8217;art a Figueres, l&#8217;estada a la Residencia de Estudiantes, a Madrid, on coneixer\u00e0 Federico Garc\u00eda Lorca i Luis Bu\u00f1uel, i el viatge a Par\u00eds que li permetr\u00e0 establir contactes amb artistes com Mir\u00f3, Picasso i els components del grup surrealista. Descriu la seva evoluci\u00f3 art\u00edstica, que es mou entre avantguarda i tradici\u00f3, i l&#8217;evoluci\u00f3 d&#8217;una obra que ha esdevingut universal. Aix\u00ed mateix, permet identificar l&#8217;origen de la iconografia daliniana. El documental inclou nombrosos documents audiovisuals i fotogr\u00e0fics tant p\u00fablics com privats.<\/p>\n<p>Aqu\u00ed en podeu visionar el <a href=\"https:\/\/www.youtube.com\/watch?v=KbJNY6scr1k\">tr\u00e0iler<\/a>.<\/p>\n<p>El documental sencer es pot veure\u00a0en\u00a0una <a href=\"https:\/\/vimeo.com\/ondemand\/daliimmortalcat\">plataforma <\/a>de v\u00eddeo <em>on-demand<\/em> que mostra continguts audiovisuals previ pagament. Concretament ofereix tres hores de documentals sobre Salvador Dal\u00ed en catal\u00e0, castell\u00e0, franc\u00e8s i angl\u00e8s. Aquesta plataforma es va crear amb l&#8217;objectiu d&#8217;oferir a un p\u00fablic global la trilogia de documentals produ\u00efts per la Fundaci\u00f3 Gala-Salvador Dal\u00ed. Amb el t\u00edtol de <em>Salvador Dal\u00ed, a la recerca de la immortalitat <\/em>\u00e9s, fins avui, el retrat m\u00e9s exhaustiu de la seva vida i obra en format audiovisual.<\/p>\n","protected":false},"excerpt":{"rendered":"<p>El documental Salvador Dal\u00ed. Diaris de Joventut. 1904-1929, produ\u00eft per la Fundaci\u00f3 Gala-Salvador Dal\u00ed, realitzat per DocDoc Films\u00a0i dirigit per David Pujol, ha estat guardonat amb el prestigi\u00f3s Medium-length Film Gold (Premi d&#8217;Or en la categoria de migmetratge) en l&#8217;edici\u00f3 2020 del F@IMP Festival (Festival of Audiovisual International Multimedia Patrimony) organitzat per AVICOM, la secci\u00f3 [&hellip;]<\/p>\n","protected":false},"featured_media":5652,"menu_order":0,"template":"","format":"standard","meta":{"_acf_changed":false,"_coblocks_attr":"","_coblocks_dimensions":"","_coblocks_responsive_height":"","_coblocks_accordion_ie_support":""},"categoria-actualitat":[],"class_list":["post-5651","noticia","type-noticia","status-publish","format-standard","has-post-thumbnail","hentry"],"acf":[],"_links":{"self":[{"href":"https:\/\/webdali.latempesta.eu\/ca\/wp-json\/wp\/v2\/noticia\/5651","targetHints":{"allow":["GET"]}}],"collection":[{"href":"https:\/\/webdali.latempesta.eu\/ca\/wp-json\/wp\/v2\/noticia"}],"about":[{"href":"https:\/\/webdali.latempesta.eu\/ca\/wp-json\/wp\/v2\/types\/noticia"}],"wp:featuredmedia":[{"embeddable":true,"href":"https:\/\/webdali.latempesta.eu\/ca\/wp-json\/wp\/v2\/media\/5652"}],"wp:attachment":[{"href":"https:\/\/webdali.latempesta.eu\/ca\/wp-json\/wp\/v2\/media?parent=5651"}],"wp:term":[{"taxonomy":"categoria-actualitat","embeddable":true,"href":"https:\/\/webdali.latempesta.eu\/ca\/wp-json\/wp\/v2\/categoria-actualitat?post=5651"}],"curies":[{"name":"wp","href":"https:\/\/api.w.org\/{rel}","templated":true}]}}