{"id":5696,"date":"2022-05-10T00:00:00","date_gmt":"2022-05-09T22:00:00","guid":{"rendered":"https:\/\/webdali.latempesta.eu\/noticia\/la-fundacio-dali-encara-la-recuperacio\/"},"modified":"2022-05-10T00:00:00","modified_gmt":"2022-05-09T22:00:00","slug":"la-fundacio-dali-encara-la-recuperacio","status":"publish","type":"noticia","link":"https:\/\/webdali.latempesta.eu\/ca\/fundacio-dali\/noticia\/la-fundacio-dali-encara-la-recuperacio\/","title":{"rendered":"La Fundaci\u00f3 Dal\u00ed encara la recuperaci\u00f3"},"content":{"rendered":"<p>La\u00a0Fundaci\u00f3 Gala-Salvador Dal\u00ed rep\u00a0el\u00a060% dels visitants que tenia abans de la pand\u00e8mia i encara la recuperaci\u00f3.<\/p>\n<p>El President de lla instituci\u00f3, Jordi Mercader, ha anunciat noves incorporacions a l&#8217;equip de la Fundaci\u00f3.<\/p>\n<p>Durant el primer trimestre de 2022, 76.030 persones han visitat els tres museus de la Fundaci\u00f3 Gala-Salvador Dal\u00ed (Figueres, Portlligat i P\u00fabol). Aix\u00f2 suposa el 60% dels que va rebre abans de la pand\u00e8mia durant el mateix per\u00edode (gener-mar\u00e7 2019). Es confirma una tend\u00e8ncia que li permet encarar amb confian\u00e7a la recuperaci\u00f3, segons ha anunciat la instituci\u00f3 en concloure la reuni\u00f3 del Patronat que s&#8217;ha celebrat aquest mat\u00ed a Figueres.<\/p>\n<p>Aquesta recuperaci\u00f3 s&#8217;expressa tamb\u00e9 en els resultats de l&#8217;exercici 2021, que recullen un excedent de 821.000 euros, mentre que els de 2020 van registrar p\u00e8rdues de m\u00e9s de 3 milions d&#8217;euros. Aquests resultats s\u00f3n la conseq\u00fc\u00e8ncia, entre d&#8217;altres mesures, d&#8217;una reducci\u00f3 dr\u00e0stica de la despesa que ha passat de 12.329.000 euros, el 2019, a 6.766.000 euros el 2021.<\/p>\n<p>La Fundaci\u00f3 Dal\u00ed subratlla l&#8217;impacte positiu que ha tingut la implementaci\u00f3 d&#8217;una pol\u00edtica rigorosa mitjan\u00e7ant la millora en la assignaci\u00f3 de l&#8217;esfor\u00e7 intern i el control de la despesa, sense perjudici del manteniment i inversions en els tres museus durant els darrers anys. La fortalesa econ\u00f2mica de la Fundaci\u00f3 \u00e9s la millor garantia per preservar la independ\u00e8ncia de la instituci\u00f3 i per aconseguir uns excedents que li permetin dur a terme, en els propers anys, ambiciosos programes art\u00edstics i culturals.<\/p>\n<p>La Fundaci\u00f3 ha valorat la corresponsabilitat i l&#8217;esfor\u00e7 del personal, aix\u00ed com les ren\u00fancies salarials dels seus directius, i ha reconegut a la plantilla la seva contribuci\u00f3 decisiva a la superaci\u00f3 de les dificultats que va suposar la crisi de la pand\u00e8mia.<\/p>\n<p>D&#8217;altra banda, la Fundaci\u00f3 ha portat a terme una reorganitzaci\u00f3 interna destinada a millorar el seu funcionament aix\u00ed com l&#8217;efic\u00e0cia dels seus equips. Com part d&#8217;aquesta reforma interna han estat nomenats F\u00e8lix Roca director general, Leonora Aixas directora comercial i Carme Ruiz sotsdirectora d&#8217;exposicions i col\u00b7leccions.<\/p>\n<p>El Patronat de la Fundaci\u00f3 Gala-Salvador Dal\u00ed ha destacat la voluntat de desenvolupar el sistema de Governan\u00e7a aprovat recentment per complir els objectius de transpar\u00e8ncia i retiment de comptes. En aquest sentit, la Fundaci\u00f3 incorporar\u00e0 pr\u00f2ximament el seu informe de Govern Corporatiu al web institucional, junt als comptes de l&#8217;any 2021.<\/p>\n<p>La recuperaci\u00f3 del nombre de visitants i les fites econ\u00f2miques assolides han de permetre una plena recuperaci\u00f3 dels programes de la Fundaci\u00f3 el proper any 2023, tant pel que fa a la gesti\u00f3 dels tres museus, com a la celebraci\u00f3 d&#8217;exposicions internacionals, tradicionals i immersives, i la pol\u00edtica de conservaci\u00f3 i protecci\u00f3 de l&#8217;obra daliniana.<\/p>\n<p>En la nova etapa, hi destaca tamb\u00e9 la presentaci\u00f3, davant de la Comissi\u00f3 Europea, del programa Europa Creativa per part d&#8217;un consorci internacional liderat per la Fundaci\u00f3 Dal\u00ed i integrat pel Museu Rodin i el bufet d&#8217;advocats italians CBN &amp; Partners, de Mil\u00e0, i com entitats associades, el Museu Reina Sof\u00eda de Madrid i la Fundaci\u00f3 Henry Moore de Leeds. El programa, destinat a crear est\u00e0ndards internacionals per a l&#8217;estudi i la gesti\u00f3 de l&#8217;obra escult\u00f2rica mitjan\u00e7ant la tecnologia <em>blockchain<\/em>, t\u00e9 una import\u00e0ncia particular en la defensa de l&#8217;obra tridimensional de Dal\u00ed, un dels objectius de la Fundaci\u00f3.<\/p>\n<p>D&#8217;altra banda, l&#8217;exposici\u00f3 de l&#8217;obra <a href=\"\/ca\/obra\/cataleg-raonat-pintures\/obra\/667\/el-crist?paraulaClau=el+crist\"><em>El Crist<\/em><\/a>, que s&#8217;exhibeix de forma permanent en el Museu Kelvingrove de Glasgow, i que va ser posposada degut a la pand\u00e8mia, s&#8217;inaugurar\u00e0 la tardor de 2023 en el Teatre-Museu Dal\u00ed de Figueres. La mostra anir\u00e0 acompanyada d&#8217;un treball exhaustiu del Centre d&#8217;Estudis Dalinians i del departament de Conservaci\u00f3 i Restauraci\u00f3, aix\u00ed com d&#8217;un cat\u00e0leg.<\/p>\n<p>La Fundaci\u00f3 ha agra\u00eft al Govern d&#8217;Espanya, la Generalitat de Catalunya, l&#8217;Ajuntament de Figueres i la Diputaci\u00f3 de Girona el suport que li han ofert aquests darrers anys.<\/p>\n","protected":false},"excerpt":{"rendered":"<p>La\u00a0Fundaci\u00f3 Gala-Salvador Dal\u00ed rep\u00a0el\u00a060% dels visitants que tenia abans de la pand\u00e8mia i encara la recuperaci\u00f3. El President de lla instituci\u00f3, Jordi Mercader, ha anunciat noves incorporacions a l&#8217;equip de la Fundaci\u00f3. Durant el primer trimestre de 2022, 76.030 persones han visitat els tres museus de la Fundaci\u00f3 Gala-Salvador Dal\u00ed (Figueres, Portlligat i P\u00fabol). Aix\u00f2 [&hellip;]<\/p>\n","protected":false},"featured_media":5699,"menu_order":0,"template":"","format":"standard","meta":{"_acf_changed":false,"_coblocks_attr":"","_coblocks_dimensions":"","_coblocks_responsive_height":"","_coblocks_accordion_ie_support":""},"categoria-actualitat":[79,81],"class_list":["post-5696","noticia","type-noticia","status-publish","format-standard","has-post-thumbnail","hentry","categoria-actualitat-fundacio-gala-salvador-dali","categoria-actualitat-publicacions"],"acf":[],"_links":{"self":[{"href":"https:\/\/webdali.latempesta.eu\/ca\/wp-json\/wp\/v2\/noticia\/5696","targetHints":{"allow":["GET"]}}],"collection":[{"href":"https:\/\/webdali.latempesta.eu\/ca\/wp-json\/wp\/v2\/noticia"}],"about":[{"href":"https:\/\/webdali.latempesta.eu\/ca\/wp-json\/wp\/v2\/types\/noticia"}],"wp:featuredmedia":[{"embeddable":true,"href":"https:\/\/webdali.latempesta.eu\/ca\/wp-json\/wp\/v2\/media\/5699"}],"wp:attachment":[{"href":"https:\/\/webdali.latempesta.eu\/ca\/wp-json\/wp\/v2\/media?parent=5696"}],"wp:term":[{"taxonomy":"categoria-actualitat","embeddable":true,"href":"https:\/\/webdali.latempesta.eu\/ca\/wp-json\/wp\/v2\/categoria-actualitat?post=5696"}],"curies":[{"name":"wp","href":"https:\/\/api.w.org\/{rel}","templated":true}]}}