{"id":5703,"date":"2022-05-17T00:00:00","date_gmt":"2022-05-16T22:00:00","guid":{"rendered":"https:\/\/webdali.latempesta.eu\/noticia\/la-fundacio-dali-lidera-un-projecte-deuropa-creativa\/"},"modified":"2025-05-19T12:46:10","modified_gmt":"2025-05-19T10:46:10","slug":"la-fundacio-dali-lidera-un-projecte-d-europa-creativa","status":"publish","type":"noticia","link":"https:\/\/webdali.latempesta.eu\/ca\/fundacio-dali\/noticia\/la-fundacio-dali-lidera-un-projecte-d-europa-creativa\/","title":{"rendered":"La Fundaci\u00f3 Dal\u00ed lidera un projecte d&#8217;Europa Creativa"},"content":{"rendered":"<p>La Fundaci\u00f3 Dal\u00ed ha obtingut el finan\u00e7ament per a un projecte de cooperaci\u00f3 dins el marc del Programa Europa Creativa (CREA). La instituci\u00f3 \u00e9s qui lidera aquest projecte, que porta per t\u00edtol &#8220;Innovation and Best Practice for International Standards on Sculpture Study and Management&#8221; (Innovaci\u00f3 i Bones Pr\u00e0ctiques en la Definici\u00f3 d&#8217;Est\u00e0ndards Internacionals per a l&#8217;Estudi i la Gesti\u00f3 de l&#8217;Escultura). Com a socis, compta amb el Museu Rodin de Par\u00eds i amb els advocats italians CBM &amp; Partners Studio Legale de Mil\u00e0, especialistes en dret de l&#8217;art. T\u00e9 com a associats el Museu Reina Sofia de Madrid (que conserva obra escult\u00f2rica de Salvador Dal\u00ed i d&#8217;altres artistes contemporanis) i la Fundaci\u00f3 Henry Moore de Leeds (Regne Unit).<\/p>\n<p>L&#8217;objectiu \u00e9s crear uns est\u00e0ndards art\u00edstics, fins ara inexistents, per a l&#8217;estudi, la catalogaci\u00f3 i la gesti\u00f3 de l&#8217;obra escult\u00f2rica en el marc de la Uni\u00f3 Europea. Aquests est\u00e0ndards es podran aplicar a l&#8217;obra d&#8217;artistes consagrats com Salvador Dal\u00ed i Auguste Rodin, per\u00f2 tamb\u00e9 d&#8217;artistes vius, i s&#8217;adaptaran a la normativa espec\u00edfica de cada pa\u00eds. Es comen\u00e7ar\u00e0 a treballar en l&#8217;\u00e0mbit d&#8217;Espanya, Fran\u00e7a i It\u00e0lia per seguir ampliant aquesta selecci\u00f3 en altres estats europeus.<\/p>\n<p>El projecte parteix del coneixement que tant la Fundaci\u00f3 Dal\u00ed com el Museu Rodin tenen de l&#8217;obra dels artistes que representen i de l&#8217;expertesa assolida a partir de les particularitats amb qu\u00e8 s&#8217;han trobat en l&#8217;estudi i catalogaci\u00f3 dels seus corpus creatius.<\/p>\n<p>Els resultats d&#8217;aquest projecte hauran de permetre definir i classificar d&#8217;una manera sistem\u00e0tica l&#8217;obra original, l&#8217;obra seriada i les reproduccions d&#8217;obra d&#8217;un gran ventall d&#8217;escultors, i pot beneficiar la gesti\u00f3 de la producci\u00f3 de futurs creadors de l&#8217;\u00e0mbit tridimensional. Es vol, aix\u00ed, donar visibilitat a la producci\u00f3 escult\u00f2rica i a la professionalitzaci\u00f3 d&#8217;aquest sector a trav\u00e9s d&#8217;una xarxa espec\u00edfica de col\u00b7laboraci\u00f3 europea.<\/p>\n<p>La principal innovaci\u00f3 que introdueix aquest projecte rau en el fet que els \u00a0est\u00e0ndards es desenvoluparan per a ser posteriorment implementats mitjan\u00e7ant la tecnologia blockchain. L&#8217;avantatge que ofereix aquesta tecnologia \u00e9s que permet identificar cada pe\u00e7a mitjan\u00e7ant un codi encriptat indeleble sense possibilitat de ser manipulat ni falsificat.<\/p>\n<p>La subvenci\u00f3 que ha concedit la Uni\u00f3 Europea per aquest projecte \u00e9s de 200.000 euros, gaireb\u00e9 un 80% del qual ser\u00e0 gestionat per la Fundaci\u00f3 Dal\u00ed. Aquest projecte est\u00e0 liderat pel Centre d&#8217;Estudis Dalinians de la Fundaci\u00f3 Dal\u00ed. L&#8217;equip de treball est\u00e0 format per Montse Aguer com assessora experta, Laura Bartolom\u00e9 com a directora del projecte, Isabella Kleinjung en qualitat de responsable dels Serveis Jur\u00eddics de la Fundaci\u00f3 Dal\u00ed, Clara Silvestre com a directora adjunta del projecte, i Anisa Chaer, com a responsable d&#8217;Administraci\u00f3.<\/p>\n<p>La durada del projecte \u00e9s de dos anys i preveu la publicaci\u00f3 d&#8217;una web espec\u00edfica i la celebraci\u00f3 d&#8217;una confer\u00e8ncia internacional per difondre&#8217;n els resultats.<\/p>\n","protected":false},"excerpt":{"rendered":"<p>La Fundaci\u00f3 Dal\u00ed ha obtingut el finan\u00e7ament per a un projecte de cooperaci\u00f3 dins el marc del Programa Europa Creativa (CREA). La instituci\u00f3 \u00e9s qui lidera aquest projecte, que porta per t\u00edtol &#8220;Innovation and Best Practice for International Standards on Sculpture Study and Management&#8221; (Innovaci\u00f3 i Bones Pr\u00e0ctiques en la Definici\u00f3 d&#8217;Est\u00e0ndards Internacionals per a [&hellip;]<\/p>\n","protected":false},"featured_media":5704,"menu_order":0,"template":"","format":"standard","meta":{"_acf_changed":false,"_coblocks_attr":"","_coblocks_dimensions":"","_coblocks_responsive_height":"","_coblocks_accordion_ie_support":""},"categoria-actualitat":[79],"class_list":["post-5703","noticia","type-noticia","status-publish","format-standard","has-post-thumbnail","hentry","categoria-actualitat-fundacio-gala-salvador-dali"],"acf":[],"_links":{"self":[{"href":"https:\/\/webdali.latempesta.eu\/ca\/wp-json\/wp\/v2\/noticia\/5703","targetHints":{"allow":["GET"]}}],"collection":[{"href":"https:\/\/webdali.latempesta.eu\/ca\/wp-json\/wp\/v2\/noticia"}],"about":[{"href":"https:\/\/webdali.latempesta.eu\/ca\/wp-json\/wp\/v2\/types\/noticia"}],"wp:featuredmedia":[{"embeddable":true,"href":"https:\/\/webdali.latempesta.eu\/ca\/wp-json\/wp\/v2\/media\/5704"}],"wp:attachment":[{"href":"https:\/\/webdali.latempesta.eu\/ca\/wp-json\/wp\/v2\/media?parent=5703"}],"wp:term":[{"taxonomy":"categoria-actualitat","embeddable":true,"href":"https:\/\/webdali.latempesta.eu\/ca\/wp-json\/wp\/v2\/categoria-actualitat?post=5703"}],"curies":[{"name":"wp","href":"https:\/\/api.w.org\/{rel}","templated":true}]}}