{"id":5856,"date":"2023-11-02T00:00:00","date_gmt":"2023-11-01T22:00:00","guid":{"rendered":"https:\/\/webdali.latempesta.eu\/noticia\/tecnologia-per-millorar-lexperiencia-dusuari\/"},"modified":"2025-05-19T12:46:11","modified_gmt":"2025-05-19T10:46:11","slug":"tecnologia-per-millorar-l-experiencia-d-usuari","status":"publish","type":"noticia","link":"https:\/\/webdali.latempesta.eu\/ca\/fundacio-dali\/noticia\/tecnologia-per-millorar-l-experiencia-d-usuari\/","title":{"rendered":"Tecnologia per millorar l&#8217;experi\u00e8ncia d&#8217;usuari"},"content":{"rendered":"<p>La Fundaci\u00f3 Dal\u00ed desplega Everpaths, plataforma especialitzada en experi\u00e8ncies interactives per a visitants,\u00a0en els seus tres museus: el Teatre-Museu\u00a0de Figueres, la Casa\u00a0Salvador Dal\u00ed de Portlligat i el Castell de Gala Dal\u00ed de P\u00fabol.\u00a0Amb l&#8217;ajut d&#8217;Everpaths i utilitzant els seus propis smartphones, els visitants poden gaudir d&#8217;una visita m\u00e9s enriquidora als museus a l&#8217;hora d&#8217;ubicar-se en els espais, organitzar el seu itinerari i ampliar continguts. La plataforma ofereix posicionament\u00a0interactiu, rutes recomanades i continguts addicionals que aporten informaci\u00f3 espec\u00edfica sobre\u00a0els edificis i\u00a0la col\u00b7lecci\u00f3 exposada, aix\u00ed com contingut multim\u00e8dia addicional per una experi\u00e8ncia cultural m\u00e9s completa i satisfact\u00f2ria.<\/p>\n<p>Aquesta iniciativa s&#8217;emmarca en l&#8217;estrat\u00e8gia de transformaci\u00f3 digital que la Fundaci\u00f3 Dal\u00ed est\u00e0 implementant els darrers mesos. En aquest cas concret, el seu objectiu \u00e9s incorporar tecnologies avan\u00e7ades com Everpaths per millorar l&#8217;experi\u00e8ncia del visitant i seguir difonent el llegat art\u00edstic de Salvador Dal\u00ed de forma innovadora i atractiva. Un dels avantatges d&#8217;aquesta tecnologia \u00e9s la possibilitat de con\u00e8ixer el comportament del visitant, con\u00e8ixer els fluxos, detectar el temps destinat a cada sala o obra, tra\u00e7ar el seu recorregut i saber quins continguts ha consultat. Aix\u00ed mateix, genera enquestes de satisfacci\u00f3 en 4 idiomes adaptades al servei ofert. Les respostes dels primers mesos de funcionament han donat com a resultat valoracions positives, suggeriments per millorar, entre d&#8217;altres informacions d&#8217;inter\u00e8s que permetran prendre decisions estrat\u00e8giques.<\/p>\n<p>Everpaths \u00e9s una plataforma de serveis de localitzaci\u00f3 i navegaci\u00f3 en interiors desenvolupada per l&#8217;empresa ITSOFT.<\/p>\n","protected":false},"excerpt":{"rendered":"<p>La Fundaci\u00f3 Dal\u00ed desplega Everpaths, plataforma especialitzada en experi\u00e8ncies interactives per a visitants,\u00a0en els seus tres museus: el Teatre-Museu\u00a0de Figueres, la Casa\u00a0Salvador Dal\u00ed de Portlligat i el Castell de Gala Dal\u00ed de P\u00fabol.\u00a0Amb l&#8217;ajut d&#8217;Everpaths i utilitzant els seus propis smartphones, els visitants poden gaudir d&#8217;una visita m\u00e9s enriquidora als museus a l&#8217;hora d&#8217;ubicar-se en [&hellip;]<\/p>\n","protected":false},"featured_media":5857,"menu_order":0,"template":"","format":"standard","meta":{"_acf_changed":false,"_coblocks_attr":"","_coblocks_dimensions":"","_coblocks_responsive_height":"","_coblocks_accordion_ie_support":""},"categoria-actualitat":[79,80],"class_list":["post-5856","noticia","type-noticia","status-publish","format-standard","has-post-thumbnail","hentry","categoria-actualitat-fundacio-gala-salvador-dali","categoria-actualitat-museus"],"acf":[],"_links":{"self":[{"href":"https:\/\/webdali.latempesta.eu\/ca\/wp-json\/wp\/v2\/noticia\/5856","targetHints":{"allow":["GET"]}}],"collection":[{"href":"https:\/\/webdali.latempesta.eu\/ca\/wp-json\/wp\/v2\/noticia"}],"about":[{"href":"https:\/\/webdali.latempesta.eu\/ca\/wp-json\/wp\/v2\/types\/noticia"}],"wp:featuredmedia":[{"embeddable":true,"href":"https:\/\/webdali.latempesta.eu\/ca\/wp-json\/wp\/v2\/media\/5857"}],"wp:attachment":[{"href":"https:\/\/webdali.latempesta.eu\/ca\/wp-json\/wp\/v2\/media?parent=5856"}],"wp:term":[{"taxonomy":"categoria-actualitat","embeddable":true,"href":"https:\/\/webdali.latempesta.eu\/ca\/wp-json\/wp\/v2\/categoria-actualitat?post=5856"}],"curies":[{"name":"wp","href":"https:\/\/api.w.org\/{rel}","templated":true}]}}