{"id":8652,"date":"2021-11-26T00:00:00","date_gmt":"2021-11-25T22:00:00","guid":{"rendered":"https:\/\/webdali.latempesta.eu\/fundacio-dali\/noticia\/inaugurada-la-primera-exposicio-de-dali-a-corea\/"},"modified":"2025-06-26T10:20:06","modified_gmt":"2025-06-26T08:20:06","slug":"the-first-exhibition-on-dali-opens-in-korea","status":"publish","type":"noticia","link":"https:\/\/webdali.latempesta.eu\/en\/dali-foundation\/news\/the-first-exhibition-on-dali-opens-in-korea\/","title":{"rendered":"The first exhibition on Dal\u00ed opens in Korea"},"content":{"rendered":"<p>The first big exhibition of original works by Salvador Dal\u00ed opened today in South Korea. Entitled <em><strong>Salvador Dal\u00ed: Imagination and Reality,<\/strong><\/em> it shows a hundred artworks including paintings, graphic works and installations at Dongdaemun Digital Plaza (DDP), a building that has become one of the most iconic places in Seoul, designed by the famous Iranian architect Zaha Hadid and the Korean firm Samoo.<\/p>\n<p>The Dal\u00ed Foundation collaborates by lending artworks and curating the exhibition&#8217;s contents with Montse Aguer, director of the Dal\u00ed Museums, as chief curator, and Carme Ruiz, vice-curator. The opening event took place today with a representation of the Dal\u00ed Foundation: Joan M. Sevillano, Managing Director, F\u00e8lix Roca, Director of Economic Management, and Carme Ruiz, curator. Juan Ignacio Morro Villaci\u00e1n, the Spanish Ambassador in Korea, was also present. The Dal\u00ed Museum in Florida was represented by the President of its Board of Trustees, Mrs. Karen Lang Johnston.<\/p>\n<p>The exhibition is organised by the Korean group GNC Media. It opens tomorrow and will be on show until 20th March 2022. It is the first time the Dal\u00ed Foundation brings his collection to the Asian country together with works from the Reina Sof\u00eda Museum and the Dal\u00ed Museum in Saint Petersburg, Florida.<\/p>\n","protected":false},"excerpt":{"rendered":"<p>The first big exhibition of original works by Salvador Dal\u00ed opened today in South Korea. Entitled Salvador Dal\u00ed: Imagination and Reality, it shows a hundred artworks including paintings, graphic works and installations at Dongdaemun Digital Plaza (DDP), a building that has become one of the most iconic places in Seoul, designed by the famous Iranian [&hellip;]<\/p>\n","protected":false},"featured_media":5648,"menu_order":0,"template":"","format":"standard","meta":{"_acf_changed":false,"_coblocks_attr":"","_coblocks_dimensions":"","_coblocks_responsive_height":"","_coblocks_accordion_ie_support":""},"categoria-actualitat":[103,104],"class_list":["post-8652","noticia","type-noticia","status-publish","format-standard","has-post-thumbnail","hentry","categoria-actualitat-exhibitions","categoria-actualitat-gala-salvador-dali-foundation"],"acf":[],"_links":{"self":[{"href":"https:\/\/webdali.latempesta.eu\/en\/wp-json\/wp\/v2\/noticia\/8652","targetHints":{"allow":["GET"]}}],"collection":[{"href":"https:\/\/webdali.latempesta.eu\/en\/wp-json\/wp\/v2\/noticia"}],"about":[{"href":"https:\/\/webdali.latempesta.eu\/en\/wp-json\/wp\/v2\/types\/noticia"}],"wp:featuredmedia":[{"embeddable":true,"href":"https:\/\/webdali.latempesta.eu\/en\/wp-json\/wp\/v2\/media\/5648"}],"wp:attachment":[{"href":"https:\/\/webdali.latempesta.eu\/en\/wp-json\/wp\/v2\/media?parent=8652"}],"wp:term":[{"taxonomy":"categoria-actualitat","embeddable":true,"href":"https:\/\/webdali.latempesta.eu\/en\/wp-json\/wp\/v2\/categoria-actualitat?post=8652"}],"curies":[{"name":"wp","href":"https:\/\/api.w.org\/{rel}","templated":true}]}}