{"id":8775,"date":"2018-05-14T00:00:00","date_gmt":"2018-05-13T22:00:00","guid":{"rendered":"https:\/\/webdali.latempesta.eu\/fundacio-dali\/noticia\/javier-godo-nou-patro-vitalici\/"},"modified":"2025-06-26T10:20:07","modified_gmt":"2025-06-26T08:20:07","slug":"javier-godo-new-life-patron-of-the-dali-foundation","status":"publish","type":"noticia","link":"https:\/\/webdali.latempesta.eu\/en\/dali-foundation\/news\/javier-godo-new-life-patron-of-the-dali-foundation\/","title":{"rendered":"Javier God\u00f3, new Life Patron of the Dal\u00ed Foundation"},"content":{"rendered":"<p>The Fundaci\u00f3 Gala-Salvador Dal\u00ed named Mr. Javier God\u00f3 life patron. The editor of the newspaper <em>La Vanguardia<\/em> replaces Mr. Ramon Boixad\u00f3s, who passed away last august.<\/p>\n","protected":false},"excerpt":{"rendered":"<p>The Fundaci\u00f3 Gala-Salvador Dal\u00ed named Mr. Javier God\u00f3 life patron. The editor of the newspaper La Vanguardia replaces Mr. Ramon Boixad\u00f3s, who passed away last august.<\/p>\n","protected":false},"featured_media":5449,"menu_order":0,"template":"","format":"standard","meta":{"_acf_changed":false,"_coblocks_attr":"","_coblocks_dimensions":"","_coblocks_responsive_height":"","_coblocks_accordion_ie_support":""},"categoria-actualitat":[104],"class_list":["post-8775","noticia","type-noticia","status-publish","format-standard","has-post-thumbnail","hentry","categoria-actualitat-gala-salvador-dali-foundation"],"acf":[],"_links":{"self":[{"href":"https:\/\/webdali.latempesta.eu\/en\/wp-json\/wp\/v2\/noticia\/8775","targetHints":{"allow":["GET"]}}],"collection":[{"href":"https:\/\/webdali.latempesta.eu\/en\/wp-json\/wp\/v2\/noticia"}],"about":[{"href":"https:\/\/webdali.latempesta.eu\/en\/wp-json\/wp\/v2\/types\/noticia"}],"wp:featuredmedia":[{"embeddable":true,"href":"https:\/\/webdali.latempesta.eu\/en\/wp-json\/wp\/v2\/media\/5449"}],"wp:attachment":[{"href":"https:\/\/webdali.latempesta.eu\/en\/wp-json\/wp\/v2\/media?parent=8775"}],"wp:term":[{"taxonomy":"categoria-actualitat","embeddable":true,"href":"https:\/\/webdali.latempesta.eu\/en\/wp-json\/wp\/v2\/categoria-actualitat?post=8775"}],"curies":[{"name":"wp","href":"https:\/\/api.w.org\/{rel}","templated":true}]}}