{"id":8871,"date":"2017-03-02T00:00:00","date_gmt":"2017-03-01T22:00:00","guid":{"rendered":"https:\/\/webdali.latempesta.eu\/fundacio-dali\/noticia\/la-fundacio-dali-compra-l-obra-figura-de-perfil\/"},"modified":"2025-06-26T10:20:09","modified_gmt":"2025-06-26T08:20:09","slug":"the-dali-foundation-buys-the-work-figure-in-profile","status":"publish","type":"noticia","link":"https:\/\/webdali.latempesta.eu\/en\/dali-foundation\/news\/the-dali-foundation-buys-the-work-figure-in-profile\/","title":{"rendered":"The Dal\u00ed Foundation buys the work Figure in Profile"},"content":{"rendered":"<p>The Fundaci\u00f3 Gala-Salvador Dal\u00ed informs that tonight it bought an artist&#8217;s work entitled <em>Figure in profile<\/em>, an oil on cardboard from 1925. The work has been sold in auction at Bonhams London, its hammer price being 1.8 milion euros approx.<\/p>\n<p>The Dal\u00ed Foundation is happy to incorporate this work both because it enriches the collection and because it contributes to a better knowledge on the pictorial technique of the period before joining the Surrealist group. In 2009 the Dal\u00ed Foundation acquired <em>Figure Seen from the Back<\/em> from 1925 (Catalogue Raison\u00e9e No 148). Both participated in Dal\u00ed&#8217;s first exhibition at Galeries Dalmau in Barcelona in November 1925. This is the fourth portrait in the Foundation&#8217;s collection with Anna Maria as the protagonist.<\/p>\n<p>The economic effort entailed by this acquisition accomplishes the Foundation&#8217;s will to grant the audience access to Dal\u00ed&#8217;s works of art. When the Foundation decides to exhibit this work in the Dal\u00ed Theatre-Museum, it will be presented to the media.<\/p>\n","protected":false},"excerpt":{"rendered":"<p>The Fundaci\u00f3 Gala-Salvador Dal\u00ed informs that tonight it bought an artist&#8217;s work entitled Figure in profile, an oil on cardboard from 1925. The work has been sold in auction at Bonhams London, its hammer price being 1.8 milion euros approx. The Dal\u00ed Foundation is happy to incorporate this work both because it enriches the collection [&hellip;]<\/p>\n","protected":false},"featured_media":5272,"menu_order":0,"template":"","format":"standard","meta":{"_acf_changed":false,"_coblocks_attr":"","_coblocks_dimensions":"","_coblocks_responsive_height":"","_coblocks_accordion_ie_support":""},"categoria-actualitat":[101,104],"class_list":["post-8871","noticia","type-noticia","status-publish","format-standard","has-post-thumbnail","hentry","categoria-actualitat-adquisitions","categoria-actualitat-gala-salvador-dali-foundation"],"acf":[],"_links":{"self":[{"href":"https:\/\/webdali.latempesta.eu\/en\/wp-json\/wp\/v2\/noticia\/8871","targetHints":{"allow":["GET"]}}],"collection":[{"href":"https:\/\/webdali.latempesta.eu\/en\/wp-json\/wp\/v2\/noticia"}],"about":[{"href":"https:\/\/webdali.latempesta.eu\/en\/wp-json\/wp\/v2\/types\/noticia"}],"wp:featuredmedia":[{"embeddable":true,"href":"https:\/\/webdali.latempesta.eu\/en\/wp-json\/wp\/v2\/media\/5272"}],"wp:attachment":[{"href":"https:\/\/webdali.latempesta.eu\/en\/wp-json\/wp\/v2\/media?parent=8871"}],"wp:term":[{"taxonomy":"categoria-actualitat","embeddable":true,"href":"https:\/\/webdali.latempesta.eu\/en\/wp-json\/wp\/v2\/categoria-actualitat?post=8871"}],"curies":[{"name":"wp","href":"https:\/\/api.w.org\/{rel}","templated":true}]}}