{"id":8910,"date":"2016-04-26T00:00:00","date_gmt":"2016-04-25T22:00:00","guid":{"rendered":"https:\/\/webdali.latempesta.eu\/fundacio-dali\/noticia\/ultims-dies-per-veure-l-exposicio-d-obra-inspirada-en-velazquez\/"},"modified":"2025-06-26T10:20:09","modified_gmt":"2025-06-26T08:20:09","slug":"last-days-to-see-the-exhibition-of-works-inspired-in-velazquez","status":"publish","type":"noticia","link":"https:\/\/webdali.latempesta.eu\/en\/dali-foundation\/news\/last-days-to-see-the-exhibition-of-works-inspired-in-velazquez\/","title":{"rendered":"Last days to see the exhibition of works inspired in Vel\u00e1zquez"},"content":{"rendered":"<p>Tuesday 3rd May is the last day to see the exhibition <strong><em>What&#8217;s new? -Vel\u00e1zquez<\/em><\/strong>, in the Loggias Room at the Dal\u00ed Theatre-Museum, in Figueres.<\/p>\n<p>See the show in this <a href=\"https:\/\/www.youtube.com\/watch?v=i_9fq1MRN1Q\">v\u00eddeo<\/a>.<\/p>\n","protected":false},"excerpt":{"rendered":"<p>Tuesday 3rd May is the last day to see the exhibition What&#8217;s new? -Vel\u00e1zquez, in the Loggias Room at the Dal\u00ed Theatre-Museum, in Figueres. See the show in this v\u00eddeo.<\/p>\n","protected":false},"featured_media":5205,"menu_order":0,"template":"","format":"standard","meta":{"_acf_changed":false,"_coblocks_attr":"","_coblocks_dimensions":"","_coblocks_responsive_height":"","_coblocks_accordion_ie_support":""},"categoria-actualitat":[103,105],"class_list":["post-8910","noticia","type-noticia","status-publish","format-standard","has-post-thumbnail","hentry","categoria-actualitat-exhibitions","categoria-actualitat-museums"],"acf":[],"_links":{"self":[{"href":"https:\/\/webdali.latempesta.eu\/en\/wp-json\/wp\/v2\/noticia\/8910","targetHints":{"allow":["GET"]}}],"collection":[{"href":"https:\/\/webdali.latempesta.eu\/en\/wp-json\/wp\/v2\/noticia"}],"about":[{"href":"https:\/\/webdali.latempesta.eu\/en\/wp-json\/wp\/v2\/types\/noticia"}],"wp:featuredmedia":[{"embeddable":true,"href":"https:\/\/webdali.latempesta.eu\/en\/wp-json\/wp\/v2\/media\/5205"}],"wp:attachment":[{"href":"https:\/\/webdali.latempesta.eu\/en\/wp-json\/wp\/v2\/media?parent=8910"}],"wp:term":[{"taxonomy":"categoria-actualitat","embeddable":true,"href":"https:\/\/webdali.latempesta.eu\/en\/wp-json\/wp\/v2\/categoria-actualitat?post=8910"}],"curies":[{"name":"wp","href":"https:\/\/api.w.org\/{rel}","templated":true}]}}