{"id":8992,"date":"2015-03-10T00:00:00","date_gmt":"2015-03-09T22:00:00","guid":{"rendered":"https:\/\/webdali.latempesta.eu\/fundacio-dali\/noticia\/montse-aguer-inaugura-la-ruta-dali-de-paris\/"},"modified":"2025-06-26T10:20:11","modified_gmt":"2025-06-26T08:20:11","slug":"a-dali-tour-in-paris","status":"publish","type":"noticia","link":"https:\/\/webdali.latempesta.eu\/en\/dali-foundation\/news\/a-dali-tour-in-paris\/","title":{"rendered":"A Dal\u00ed Tour in Paris"},"content":{"rendered":"<p><span id=\"result_box\" tabindex=\"-1\"><span title=\"El Instituto Cervantes de Par\u00eds present\u00f3 ayer la Ruta Dal\u00ed de Par\u00eds de la mano de la directora del Centro de Estudios Dalinianos, Montse Aguer, autora de los contenidos.\">The Cervantes Institute in Paris launched the Dal\u00ed Tour in Paris. The author of its contents is Montse Aguer, director of the Center for Dalinian Studies at the Dal\u00ed Foundation. <\/span><span title=\"\/\/paris.rutascervantes.es\n\n\">The tour can be found <a href=\"http:\/\/paris.rutascervantes.es\/ruta\/dali\">here<\/a>.<\/span><\/p>\n<p><span title=\"Salvador Dal\u00ed empieza a construir su leyenda en Par\u00eds desde su primer viaje a la capital francesa en 1926, ocasi\u00f3n en la que visita a Picasso en su taller y tambi\u00e9n algunos lugares tan emblem\u00e1ticos como el Mus\u00e9e du Louvre, Versailles o la casa-estudio de Millet\">Salvador Dal\u00ed starts building his legend in Paris since his first trip there in 1926. He visited Picasso in his studio and some famous places such as the Mus\u00e9e du Louvre, Versailles or Millet&#8217;s house and studio in <\/span><span title=\"en Fontainebleau.\">Fontainebleau. <\/span><span title=\"En 1929 se instala en Par\u00eds con motivo del rodaje de Un chien andalou y se integra plenamente en el grupo surrealista.\">In 1929 he moved to Paris to shoot <em>Un Chien Andalou <\/em>and joined the Surrealist group. <\/span><span title=\"Esta estancia motiva a la cr\u00f3nica Documental-Par\u00eds-1929, publicada en siete art\u00edculos en las p\u00e1ginas de La Publicitat, en la que Dal\u00ed cita lugare famosos y de moda como el Claridge, el Ritz, el Carlton, el bar de la Coupole, el\">This stay motivated the Documentary-Paris-1929 column, which he published in seven articles in<em> La Publicitat<\/em>. Dal\u00ed quotes famous <\/span><\/span><span tabindex=\"-1\"><span title=\"Esta estancia motiva a la cr\u00f3nica Documental-Par\u00eds-1929, publicada en siete art\u00edculos en las p\u00e1ginas de La Publicitat, en la que Dal\u00ed cita lugare famosos y de moda como el Claridge, el Ritz, el Carlton, el bar de la Coupole, el\">and fashionable places such as the Claridge, the Ritz, the Carlton, the Coupole bar, <\/span><span title=\"Benjamin Peret, Paul \u00c9luard, Jean Cocteau, Man Ray, Ren\u00e9 Magritte, Joan Mir\u00f3, Pablo Picasso, Camille Goemans, Robert Desnos, Ren\u00e9 Clair, etc.\">and he refers to many artists: Benjamin Peret, Paul Eluard, Jean Cocteau, Man Ray, Ren\u00e9 Magritte, Joan Mir\u00f3, Pablo Picasso, Camille Goemans, Robert Desnos, Ren\u00e9 Clair, etc.<\/span><\/span><\/p>\n","protected":false},"excerpt":{"rendered":"<p>The Cervantes Institute in Paris launched the Dal\u00ed Tour in Paris. The author of its contents is Montse Aguer, director of the Center for Dalinian Studies at the Dal\u00ed Foundation. The tour can be found here. Salvador Dal\u00ed starts building his legend in Paris since his first trip there in 1926. He visited Picasso in [&hellip;]<\/p>\n","protected":false},"featured_media":5060,"menu_order":0,"template":"","format":"standard","meta":{"_acf_changed":false,"_coblocks_attr":"","_coblocks_dimensions":"","_coblocks_responsive_height":"","_coblocks_accordion_ie_support":""},"categoria-actualitat":[104],"class_list":["post-8992","noticia","type-noticia","status-publish","format-standard","has-post-thumbnail","hentry","categoria-actualitat-gala-salvador-dali-foundation"],"acf":[],"_links":{"self":[{"href":"https:\/\/webdali.latempesta.eu\/en\/wp-json\/wp\/v2\/noticia\/8992","targetHints":{"allow":["GET"]}}],"collection":[{"href":"https:\/\/webdali.latempesta.eu\/en\/wp-json\/wp\/v2\/noticia"}],"about":[{"href":"https:\/\/webdali.latempesta.eu\/en\/wp-json\/wp\/v2\/types\/noticia"}],"wp:featuredmedia":[{"embeddable":true,"href":"https:\/\/webdali.latempesta.eu\/en\/wp-json\/wp\/v2\/media\/5060"}],"wp:attachment":[{"href":"https:\/\/webdali.latempesta.eu\/en\/wp-json\/wp\/v2\/media?parent=8992"}],"wp:term":[{"taxonomy":"categoria-actualitat","embeddable":true,"href":"https:\/\/webdali.latempesta.eu\/en\/wp-json\/wp\/v2\/categoria-actualitat?post=8992"}],"curies":[{"name":"wp","href":"https:\/\/api.w.org\/{rel}","templated":true}]}}